{"id":14739,"date":"2023-09-29T18:24:40","date_gmt":"2023-09-29T21:24:40","guid":{"rendered":"https:\/\/defensoriaformosa.gob.ar\/?p=14739"},"modified":"2023-09-29T18:24:40","modified_gmt":"2023-09-29T21:24:40","slug":"buscan-reconocimiento-como-veteranos-de-malvinas-a-los-ex-soldados-movilizados-durante-la-guerra-en-1982","status":"publish","type":"post","link":"https:\/\/defensoriaformosa.gob.ar\/?p=14739","title":{"rendered":"BUSCAN RECONOCIMIENTO COMO VETERANOS DE MALVINAS A LOS EX SOLDADOS MOVILIZADOS DURANTE LA GUERRA EN 1982"},"content":{"rendered":"<p><strong><em>-Hasta ahora, conforme el marco normativo vigente, son veteranos \u00fanicamente aquellos que participaron en \u201cacciones efectivas de combate\u201d en el Teatro de Operaciones Malvinas (TOM) y en el TOAS (Teatro de Operaciones Atl\u00e1ntico Sur), por ejemplo, buques o pilotos de aviones y el personal civil que prest\u00f3 apoyo en esos \u00e1mbitos, en tanto, el resto de los movilizados no han sido reconocidos como tales, no pudiendo acceder a las pensiones que paga la Anses equivalente a tres haberes m\u00ednimos-<\/em><\/strong><\/p>\n<p><!--more--><\/p>\n<p>Integrantes del <strong>-Centro Formose\u00f1o de Veteranos Continentales por Malvinas-<\/strong>, se reunieron en la Sede de la Defensor\u00eda del Pueblo de la Provincia de Formosa, <strong>para evaluar los tr\u00e1mites y gestiones concretados por ante el Ministerio de Defensa de la Naci\u00f3n, donde fueron acompa\u00f1ados por Funcionarios de la Defensor\u00eda del Pueblo de Naci\u00f3n, debiendo ahora cumplirse los plazos administrativos para la obtenci\u00f3n de una respuesta a sus requerimientos. <\/strong>El Ombudsman Provincial, Dr. Jos\u00e9 Leonardo Gialluca, se\u00f1al\u00f3 que, la legislaci\u00f3n actual no reconoce como veteranos a estos soldados \u201ccontinentales\u201d, lo que es motivo de reclamos desde hace varios a\u00f1os, existiendo diversos Proyectos Legislativos presentados en el Congreso de la Naci\u00f3n que proponen equipararlos con los veteranos ya reconocidos, <strong>con lo cual, obtendr\u00edan de darse la sanci\u00f3n de alguno de los mismos, \u201cel principal beneficio, que es la pensi\u00f3n honor\u00edfica que paga la Anses y que equivale a tres haberes m\u00ednimos\u201d. <\/strong>Actualmente, este tema obtuvo m\u00e1s de 60 firmas de diputados pertenecientes a todos los bloques que acompa\u00f1aron el proyecto que ingres\u00f3 en el mes de marzo del corriente a\u00f1o a la C\u00e1mara Baja, <strong>pero lo extra\u00f1o es que ning\u00fan Jefe o Autoridad de Bloque se suma a la iniciativa, lo cual, origina una fuerte incertidumbre. <\/strong>El Funcionario Provincial, <strong><em>\u201cdestac\u00f3 la labor social y humanitaria que vienen llevando adelante los Movilizados del Centro Formose\u00f1o de Veteranos, en beneficio de camaradas con problemas de salud, econ\u00f3micas y de necesidades sociales diversas\u201d. <\/em><\/strong>Gialluca agreg\u00f3 que, en los \u00faltimos a\u00f1os, tan solo 156 movilizados lograron ser reconocidos como veteranos por sentencias judiciales, donde hasta la propia CSJN posee fallos encontrados y se calcula que unos 6.000 ex soldados tienen pendientes reclamos por v\u00eda judicial. A\u00f1adi\u00f3 por otro lado que continuaremos trabajando, org\u00e1nicamente, pues este reclamo tiene un trasfondo que es el econ\u00f3mico y se debe tener en cuenta que el Ministerio de Defensa ha realizado una aproximaci\u00f3n de lo que representa, superando el monto del FONDEF (Fondo Nacional de la Defensa) que se vot\u00f3 en el a\u00f1o 2022, impulsado por el Ex Ministro Agust\u00edn Rossi para reequipar a las Fuerzas Armadas de nuestro Pa\u00eds.<\/p>\n","protected":false},"excerpt":{"rendered":"<p>-Hasta ahora, conforme el marco normativo vigente, son veteranos \u00fanicamente aquellos que participaron en \u201cacciones efectivas de combate\u201d en el Teatro de Operaciones Malvinas (TOM) y en el TOAS (Teatro de Operaciones Atl\u00e1ntico Sur), por ejemplo, buques o pilotos de aviones y el personal civil que prest\u00f3 apoyo en esos \u00e1mbitos, en tanto, el resto [&hellip;]<\/p>\n","protected":false},"author":2,"featured_media":14740,"comment_status":"closed","ping_status":"closed","sticky":false,"template":"","format":"standard","meta":{"footnotes":""},"categories":[1],"tags":[],"class_list":["post-14739","post","type-post","status-publish","format-standard","has-post-thumbnail","hentry","category-noticias"],"_links":{"self":[{"href":"https:\/\/defensoriaformosa.gob.ar\/index.php?rest_route=\/wp\/v2\/posts\/14739","targetHints":{"allow":["GET"]}}],"collection":[{"href":"https:\/\/defensoriaformosa.gob.ar\/index.php?rest_route=\/wp\/v2\/posts"}],"about":[{"href":"https:\/\/defensoriaformosa.gob.ar\/index.php?rest_route=\/wp\/v2\/types\/post"}],"author":[{"embeddable":true,"href":"https:\/\/defensoriaformosa.gob.ar\/index.php?rest_route=\/wp\/v2\/users\/2"}],"replies":[{"embeddable":true,"href":"https:\/\/defensoriaformosa.gob.ar\/index.php?rest_route=%2Fwp%2Fv2%2Fcomments&post=14739"}],"version-history":[{"count":1,"href":"https:\/\/defensoriaformosa.gob.ar\/index.php?rest_route=\/wp\/v2\/posts\/14739\/revisions"}],"predecessor-version":[{"id":14741,"href":"https:\/\/defensoriaformosa.gob.ar\/index.php?rest_route=\/wp\/v2\/posts\/14739\/revisions\/14741"}],"wp:featuredmedia":[{"embeddable":true,"href":"https:\/\/defensoriaformosa.gob.ar\/index.php?rest_route=\/wp\/v2\/media\/14740"}],"wp:attachment":[{"href":"https:\/\/defensoriaformosa.gob.ar\/index.php?rest_route=%2Fwp%2Fv2%2Fmedia&parent=14739"}],"wp:term":[{"taxonomy":"category","embeddable":true,"href":"https:\/\/defensoriaformosa.gob.ar\/index.php?rest_route=%2Fwp%2Fv2%2Fcategories&post=14739"},{"taxonomy":"post_tag","embeddable":true,"href":"https:\/\/defensoriaformosa.gob.ar\/index.php?rest_route=%2Fwp%2Fv2%2Ftags&post=14739"}],"curies":[{"name":"wp","href":"https:\/\/api.w.org\/{rel}","templated":true}]}}