{"id":14025,"date":"2023-01-15T20:49:55","date_gmt":"2023-01-15T23:49:55","guid":{"rendered":"https:\/\/defensoriaformosa.gob.ar\/?p=14025"},"modified":"2023-01-15T20:49:55","modified_gmt":"2023-01-15T23:49:55","slug":"demoras-en-paso-fronterizo-puente-loyola","status":"publish","type":"post","link":"https:\/\/defensoriaformosa.gob.ar\/?p=14025","title":{"rendered":"DEMORAS EN PASO FRONTERIZO PUENTE LOYOLA"},"content":{"rendered":"<p>Gialluca pidi\u00f3 la directa intervenci\u00f3n del Ministro de Seguridad de Naci\u00f3n An\u00edbal Fern\u00e1ndez, luego que recibiera una respuesta de la Cartera del Interior a Cargo de Wado de Pedro, en que las Competencias de los pasos fronterizos se encuentran a cargo de Seguridad de Naci\u00f3n, en lo que respecta a Organizaci\u00f3n, Atenci\u00f3n, Incorporaci\u00f3n de Nuevas y Mejores Tecnolog\u00edas y Obras que mejorar\u00e1n el paso de las personas tanto de nuestra Provincia como de todo el Pa\u00eds-<\/p>\n<p><!--more--><\/p>\n<p>El Organismo de la Constituci\u00f3n viene recibiendo un sinn\u00famero de quejas por parte de personas que ingresaron al pa\u00eds por el paso fronterizo de Puente Loyola, que une el territorio nacional desde Formosa con el de Paraguay, a la altura de la localidad de Puerto Falc\u00f3n, en el vecino pa\u00eds. El reclamo se centra en las largas esperas padecidas para lograr el ingreso luego de realizar tr\u00e1mites migratorios. Frente a esta situaci\u00f3n, se formul\u00f3 una instancia al Jefe de la Oficina Formosa de la Direcci\u00f3n Nacional de Migraciones, Dr. Mat\u00edas Berta a efectos de que informe las causas de la referida problem\u00e1tica, como as\u00ed tambi\u00e9n las alternativas de soluci\u00f3n a la misma. El funcionario refiri\u00f3 que la mayor afluencia de personas que ingresan y egresan del pa\u00eds obedece a la circulaci\u00f3n de turistas en ocasi\u00f3n del receso estival. Asimismo, previendo la situaci\u00f3n, se reforz\u00f3 la cantidad de Agentes Migratorios para la atenci\u00f3n al p\u00fablico, trabaj\u00e1ndose a pleno, durante las 24 hs., de acuerdo a la capacidad operativa que se dispone. La enorme afluencia de personas, l\u00f3gicamente, hace que se produzcan demoras, las cuales como es sabido, dada la \u00e9poca del a\u00f1o, se dan en todos los pasos fronterizos del pa\u00eds, no estando Formosa entre los casos m\u00e1s graves. A fin de coadyubar a que se agilice la circulaci\u00f3n de personas y bienes en este y otros puntos de la frontera con el Paraguay, desde la Defensor\u00eda se solicit\u00f3 formalmente al Ministro de Seguridad de Naci\u00f3n, An\u00edbal Fern\u00e1ndez y a la Directora Nacional de Migraciones Florencia Carignano, que se vuelva a implementar la tarjeta para el Tr\u00e1fico Vecinal Fronterizo (TVF), que permite que los residentes en ciudades inmediatamente lindantes con los puntos de ingreso y egreso del pa\u00eds, puedan disponer de un tratamiento sencillo y por sobre todo \u00e1gil para la realizaci\u00f3n de sus tr\u00e1mites migratorios.<br \/>\nOtra cuesti\u00f3n por la cual los viajeros consultaron a la Defensor\u00eda, guarda relaci\u00f3n con la regulaci\u00f3n del tr\u00e1nsito para el ingreso a territorio nacional desde Puerto Falc\u00f3n. Sobre este particular, al ser consultado, el Comandante Eduardo Zalazar, Segundo Jefe del Escuadr\u00f3n 16 \u2013 Clorinda de Gendarmer\u00eda Nacional, actual Coordinador Jefe del \u00c1rea de Control Integrado (ACI), expres\u00f3 que: \u201cse encuentran manteniendo Reuniones de Trabajo de manera permanente y conjunta, entre Gendarmer\u00eda Nacional, Migraciones y Aduana de ambos pa\u00edses y Prefectura de Paraguay a fines de regular el tr\u00e1nsito que se viene dando en el Paso Fronterizo, dado el gran aumento de flujo de personas y veh\u00edculos los fines de semana, los d\u00edas feriados, y m\u00e1s a\u00fan en esta \u00e9poca vacacional, en todo el transcurso del d\u00eda en horarios matutinos, vespertinos y nocturnos. Verific\u00e1ndose demoras de hasta 3 horas y con una extensi\u00f3n de 4 km de filas de veh\u00edculos que comprenden autom\u00f3viles particulares, de carga o camiones y colectivos habilit\u00e1ndose a tal efecto distintos carriles para regularizar la circulaci\u00f3n. Por lo que se curs\u00f3 la pertinente instancia a los funcionarios nacionales nombrados a efectos de que se concluyan las obras de infraestructura que actualmente se est\u00e1n construyendo en el Complejo Fronterizo, lo que permitir\u00e1 una mayor afectaci\u00f3n de recursos humanos y materiales para dar celeridad al tr\u00e1fico fronterizo.<\/p>\n<p>&nbsp;<\/p>\n","protected":false},"excerpt":{"rendered":"<p>Gialluca pidi\u00f3 la directa intervenci\u00f3n del Ministro de Seguridad de Naci\u00f3n An\u00edbal Fern\u00e1ndez, luego que recibiera una respuesta de la Cartera del Interior a Cargo de Wado de Pedro, en que las Competencias de los pasos fronterizos se encuentran a cargo de Seguridad de Naci\u00f3n, en lo que respecta a Organizaci\u00f3n, Atenci\u00f3n, Incorporaci\u00f3n de Nuevas [&hellip;]<\/p>\n","protected":false},"author":1,"featured_media":14026,"comment_status":"closed","ping_status":"closed","sticky":false,"template":"","format":"standard","meta":{"footnotes":""},"categories":[3],"tags":[],"class_list":["post-14025","post","type-post","status-publish","format-standard","has-post-thumbnail","hentry","category-defensa-de-los-derechos-del-usuario-consumidor-contribuyentes"],"_links":{"self":[{"href":"https:\/\/defensoriaformosa.gob.ar\/index.php?rest_route=\/wp\/v2\/posts\/14025","targetHints":{"allow":["GET"]}}],"collection":[{"href":"https:\/\/defensoriaformosa.gob.ar\/index.php?rest_route=\/wp\/v2\/posts"}],"about":[{"href":"https:\/\/defensoriaformosa.gob.ar\/index.php?rest_route=\/wp\/v2\/types\/post"}],"author":[{"embeddable":true,"href":"https:\/\/defensoriaformosa.gob.ar\/index.php?rest_route=\/wp\/v2\/users\/1"}],"replies":[{"embeddable":true,"href":"https:\/\/defensoriaformosa.gob.ar\/index.php?rest_route=%2Fwp%2Fv2%2Fcomments&post=14025"}],"version-history":[{"count":1,"href":"https:\/\/defensoriaformosa.gob.ar\/index.php?rest_route=\/wp\/v2\/posts\/14025\/revisions"}],"predecessor-version":[{"id":14027,"href":"https:\/\/defensoriaformosa.gob.ar\/index.php?rest_route=\/wp\/v2\/posts\/14025\/revisions\/14027"}],"wp:featuredmedia":[{"embeddable":true,"href":"https:\/\/defensoriaformosa.gob.ar\/index.php?rest_route=\/wp\/v2\/media\/14026"}],"wp:attachment":[{"href":"https:\/\/defensoriaformosa.gob.ar\/index.php?rest_route=%2Fwp%2Fv2%2Fmedia&parent=14025"}],"wp:term":[{"taxonomy":"category","embeddable":true,"href":"https:\/\/defensoriaformosa.gob.ar\/index.php?rest_route=%2Fwp%2Fv2%2Fcategories&post=14025"},{"taxonomy":"post_tag","embeddable":true,"href":"https:\/\/defensoriaformosa.gob.ar\/index.php?rest_route=%2Fwp%2Fv2%2Ftags&post=14025"}],"curies":[{"name":"wp","href":"https:\/\/api.w.org\/{rel}","templated":true}]}}