{"id":14013,"date":"2023-01-13T07:57:00","date_gmt":"2023-01-13T10:57:00","guid":{"rendered":"https:\/\/defensoriaformosa.gob.ar\/?p=14013"},"modified":"2023-01-13T07:57:00","modified_gmt":"2023-01-13T10:57:00","slug":"el-nea-supero-el-promedio-nacional-de-inflacion-durante-el-2022","status":"publish","type":"post","link":"https:\/\/defensoriaformosa.gob.ar\/?p=14013","title":{"rendered":"EL NEA SUPER\u00d3 EL PROMEDIO NACIONAL DE INFLACI\u00d3N DURANTE EL 2022"},"content":{"rendered":"<p>El Defensor del Pueblo de la Provincia de Formosa, Dr. Jos\u00e9 Leonardo Gialluca, se\u00f1al\u00f3 que a nivel nacional el INDEC determin\u00f3 una Inflaci\u00f3n acumulada en todo el a\u00f1o de un 94,8%, siendo que en el nea se lleg\u00f3 a un 96%.<\/p>\n<p><!--more--><\/p>\n<p>En el mes de diciembre se registr\u00f3 un 4,8 de inflaci\u00f3n en las provincias que componen el NEA. El Ombudsman Provincial, se\u00f1al\u00f3 que este dato \u201ces m\u00e1s que preocupante para los consumidores y usuarios a quienes representamos\u201d, dado que estamos superando por varias d\u00e9cimas a la Regi\u00f3n del Gran Buenos Aires, que termin\u00f3 el 2022, con un 95,1%, llegando por encima de la media nacional tambi\u00e9n. En el mes de noviembre hubo una inflaci\u00f3n del 4,5 y se produjo una peque\u00f1a suba en diciembre del 4,8 %. El rubro de prendas de vestir y calzado, fue el que m\u00e1s subi\u00f3, con un 115,5% durante todo el a\u00f1o 2022. Luego suman otros rubros como transporte, bienes, servicios y bebidas alcoh\u00f3licas. En tanto en las provincias del NOA, la inflaci\u00f3n a un 95, 1 % en la regi\u00f3n cuyo se tuvo un 94,4 % y la Patagonia un 94,2 %. Estas cifras, son las m\u00e1s altas desde 1991 donde se alcanz\u00f3 un 84% periodo en el cual comenz\u00f3 a regir la convertibilidad. En los alimentos, los rubros frutas, verduras, bebidas gaseosas y juegos, con las subas de los combustibles, junto a los incrementos de las cuotas de medicina prepagas, son los que m\u00e1s golpearon el poder adquisitivo de los trabajadores p\u00fablicos y privados.<\/p>\n<p>&nbsp;<\/p>\n","protected":false},"excerpt":{"rendered":"<p>El Defensor del Pueblo de la Provincia de Formosa, Dr. Jos\u00e9 Leonardo Gialluca, se\u00f1al\u00f3 que a nivel nacional el INDEC determin\u00f3 una Inflaci\u00f3n acumulada en todo el a\u00f1o de un 94,8%, siendo que en el nea se lleg\u00f3 a un 96%.<\/p>\n","protected":false},"author":1,"featured_media":14014,"comment_status":"closed","ping_status":"closed","sticky":false,"template":"","format":"standard","meta":{"footnotes":""},"categories":[3],"tags":[],"class_list":["post-14013","post","type-post","status-publish","format-standard","has-post-thumbnail","hentry","category-defensa-de-los-derechos-del-usuario-consumidor-contribuyentes"],"_links":{"self":[{"href":"https:\/\/defensoriaformosa.gob.ar\/index.php?rest_route=\/wp\/v2\/posts\/14013","targetHints":{"allow":["GET"]}}],"collection":[{"href":"https:\/\/defensoriaformosa.gob.ar\/index.php?rest_route=\/wp\/v2\/posts"}],"about":[{"href":"https:\/\/defensoriaformosa.gob.ar\/index.php?rest_route=\/wp\/v2\/types\/post"}],"author":[{"embeddable":true,"href":"https:\/\/defensoriaformosa.gob.ar\/index.php?rest_route=\/wp\/v2\/users\/1"}],"replies":[{"embeddable":true,"href":"https:\/\/defensoriaformosa.gob.ar\/index.php?rest_route=%2Fwp%2Fv2%2Fcomments&post=14013"}],"version-history":[{"count":1,"href":"https:\/\/defensoriaformosa.gob.ar\/index.php?rest_route=\/wp\/v2\/posts\/14013\/revisions"}],"predecessor-version":[{"id":14015,"href":"https:\/\/defensoriaformosa.gob.ar\/index.php?rest_route=\/wp\/v2\/posts\/14013\/revisions\/14015"}],"wp:featuredmedia":[{"embeddable":true,"href":"https:\/\/defensoriaformosa.gob.ar\/index.php?rest_route=\/wp\/v2\/media\/14014"}],"wp:attachment":[{"href":"https:\/\/defensoriaformosa.gob.ar\/index.php?rest_route=%2Fwp%2Fv2%2Fmedia&parent=14013"}],"wp:term":[{"taxonomy":"category","embeddable":true,"href":"https:\/\/defensoriaformosa.gob.ar\/index.php?rest_route=%2Fwp%2Fv2%2Fcategories&post=14013"},{"taxonomy":"post_tag","embeddable":true,"href":"https:\/\/defensoriaformosa.gob.ar\/index.php?rest_route=%2Fwp%2Fv2%2Ftags&post=14013"}],"curies":[{"name":"wp","href":"https:\/\/api.w.org\/{rel}","templated":true}]}}