{"id":13996,"date":"2023-01-07T01:53:18","date_gmt":"2023-01-07T04:53:18","guid":{"rendered":"https:\/\/defensoriaformosa.gob.ar\/?p=13996"},"modified":"2023-01-09T01:54:49","modified_gmt":"2023-01-09T04:54:49","slug":"los-aranceles-cuotas-y-matriculas-de-las-escuelas-y-colegios-privados-impactan-en-los-bolsillos-familiares","status":"publish","type":"post","link":"https:\/\/defensoriaformosa.gob.ar\/?p=13996","title":{"rendered":"LOS ARANCELES, CUOTAS Y MATR\u00cdCULAS DE LAS ESCUELAS Y COLEGIOS PRIVADOS IMPACTAN EN LOS BOLSILLOS FAMILIARES"},"content":{"rendered":"<p>El Ombudsman Provincial Dr. Jos\u00e9 Leonardo Gialluca, afirm\u00f3 luego de una Reuni\u00f3n de Trabajo con los Representantes Legales de los Colegios Privados, que estos \u00faltimos, desarrollan sus actividades legalmente y por ello, ofreci\u00f3 a los Padres y Alumnos que ante cualquier duda y\/o asesoramiento, concurran a la Sede de este Organismo de la Constituci\u00f3n Provincial, puesto que observamos que las matr\u00edculas han aumentado en promedio un 50% y ya han sido informadas debidamente-<\/p>\n<p><!--more--><br \/>\nToda vez que en la actualidad los aumentos se vienen reflejando en todos los sectores siendo en principio los m\u00e1s visibles los que se relacionan con los productos de la Canasta B\u00e1sica Alimentaria, medicamentos o elementos de higiene, no menos cierto es que la educaci\u00f3n en el caso de las escuelas o colegios privados, \u201cno son ajenos a esta realidad\u201d, por lo cual los aranceles o costos aplicados a las cuotas tambi\u00e9n vienen con incrementos para el ciclo lectivo 2023. Es por ello que, algunos grupos de padres, solicitaron la intervenci\u00f3n de la Defensor\u00eda del Pueblo de la Provincia de Formosa y como consecuencia de ello, se llev\u00f3 a cabo una -Reuni\u00f3n de Trabajo- en la cual fueron previamente citados los tres existentes en nuestra Ciudad, esto es el colegio La Ribera, el colegio Maradona y el colegio Alas, cuya Directora o Representante Legal justific\u00f3 su inasistencia. De la misma, adem\u00e1s, particip\u00f3 el Jefe del Departamento de Educaci\u00f3n Privada del Ministerio de Cultura y Educaci\u00f3n de la Provincia, Lic. Javier Gallardo, quien fue acompa\u00f1ado por el Ombudsman Provincial Dr. Jos\u00e9 Leonardo Gialluca y los Asesores Legales Fernando Sosa, Mar\u00eda Trinidad y Gisel Cant\u00f3n. La Dra. Ana Calder\u00f3n, en representaci\u00f3n del colegio La Rivera, expres\u00f3, que ellos aplican lo normado a nivel nacional y por ello, en el caso de los aranceles proyectaron un incremento del 50% que se aplicar\u00e1 escalonadamente en los meses de mayo, agosto y octubre del presente a\u00f1o. Por su lado, el abogado Pablo Mi\u00f1o, representando al colegio Maradona, advirti\u00f3 que como primera medida es necesario que todos podamos conocer y diferenciar que existen colegios p\u00fablicos y privados y dentro de las Instituciones privadas, coexisten dos categor\u00edas: A) de Gesti\u00f3n Privada Subvencionada y B) de Gesti\u00f3n Privada No Subvencionada, y dentro de este grupo a nivel provincial se encuentran los colegios Alas, La Rivera y Maradona. Por ello, el Lic. Javier Gallardo, se\u00f1al\u00f3 que los colegios netamente de Gesti\u00f3n Privada No Subvencionados, \u201cno poseen un marco regulatorio en la Provincia de Formosa\u201d, por lo cual se est\u00e1 trabajando para que en un futuro mediano, tengamos dicho marco, al igual que lo poseen otras jurisdicciones de nuestro pa\u00eds. El Ombudsman Provincial confirma entonces que, \u201ca modo de referencia, y al existir un vac\u00edo legal regulatorio para la educaci\u00f3n privada, los colegios de esta naturaleza toman en cuenta el Decreto Nacional N\u00ba 2.417\/93 y concordantes para as\u00ed poder fijar los aranceles de los mismos, los cuales a su vez se encuentran con incrementos salariales otorgados a nivel provincial y que deben hacerse cargo o como sucede actualmente, -erogaciones extraordinarias, como los bonos que impuso el actual gobierno nacional-\u201c.<\/p>\n","protected":false},"excerpt":{"rendered":"<p>El Ombudsman Provincial Dr. Jos\u00e9 Leonardo Gialluca, afirm\u00f3 luego de una Reuni\u00f3n de Trabajo con los Representantes Legales de los Colegios Privados, que estos \u00faltimos, desarrollan sus actividades legalmente y por ello, ofreci\u00f3 a los Padres y Alumnos que ante cualquier duda y\/o asesoramiento, concurran a la Sede de este Organismo de la Constituci\u00f3n Provincial, [&hellip;]<\/p>\n","protected":false},"author":1,"featured_media":13997,"comment_status":"closed","ping_status":"closed","sticky":false,"template":"","format":"standard","meta":{"footnotes":""},"categories":[3],"tags":[],"class_list":["post-13996","post","type-post","status-publish","format-standard","has-post-thumbnail","hentry","category-defensa-de-los-derechos-del-usuario-consumidor-contribuyentes"],"_links":{"self":[{"href":"https:\/\/defensoriaformosa.gob.ar\/index.php?rest_route=\/wp\/v2\/posts\/13996","targetHints":{"allow":["GET"]}}],"collection":[{"href":"https:\/\/defensoriaformosa.gob.ar\/index.php?rest_route=\/wp\/v2\/posts"}],"about":[{"href":"https:\/\/defensoriaformosa.gob.ar\/index.php?rest_route=\/wp\/v2\/types\/post"}],"author":[{"embeddable":true,"href":"https:\/\/defensoriaformosa.gob.ar\/index.php?rest_route=\/wp\/v2\/users\/1"}],"replies":[{"embeddable":true,"href":"https:\/\/defensoriaformosa.gob.ar\/index.php?rest_route=%2Fwp%2Fv2%2Fcomments&post=13996"}],"version-history":[{"count":1,"href":"https:\/\/defensoriaformosa.gob.ar\/index.php?rest_route=\/wp\/v2\/posts\/13996\/revisions"}],"predecessor-version":[{"id":13998,"href":"https:\/\/defensoriaformosa.gob.ar\/index.php?rest_route=\/wp\/v2\/posts\/13996\/revisions\/13998"}],"wp:featuredmedia":[{"embeddable":true,"href":"https:\/\/defensoriaformosa.gob.ar\/index.php?rest_route=\/wp\/v2\/media\/13997"}],"wp:attachment":[{"href":"https:\/\/defensoriaformosa.gob.ar\/index.php?rest_route=%2Fwp%2Fv2%2Fmedia&parent=13996"}],"wp:term":[{"taxonomy":"category","embeddable":true,"href":"https:\/\/defensoriaformosa.gob.ar\/index.php?rest_route=%2Fwp%2Fv2%2Fcategories&post=13996"},{"taxonomy":"post_tag","embeddable":true,"href":"https:\/\/defensoriaformosa.gob.ar\/index.php?rest_route=%2Fwp%2Fv2%2Ftags&post=13996"}],"curies":[{"name":"wp","href":"https:\/\/api.w.org\/{rel}","templated":true}]}}