{"id":13944,"date":"2022-12-19T02:46:34","date_gmt":"2022-12-19T05:46:34","guid":{"rendered":"https:\/\/defensoriaformosa.gob.ar\/?p=13944"},"modified":"2022-12-20T02:48:49","modified_gmt":"2022-12-20T05:48:49","slug":"pidieron-convocar-a-los-responsables-de-cammesa-transnea-y-transener-para-evitar-los-colapsos-energeticos-que-afectan-nuevamente-a-la-region-del-nea","status":"publish","type":"post","link":"https:\/\/defensoriaformosa.gob.ar\/?p=13944","title":{"rendered":"PIDIERON CONVOCAR A LOS RESPONSABLES DE CAMMESA, TRANSNEA Y TRANSENER PARA EVITAR LOS \u201cCOLAPSOS ENERGETICOS\u201d QUE AFECTAN NUEVAMENTE A LA REGION DEL NEA"},"content":{"rendered":"<p>El Defensor del Pueblo de la Provincia de Formosa, Dr. Jos\u00e9 Leonardo Gialluca, solicit\u00f3 a la actual Secretaria de Energ\u00eda de la Naci\u00f3n, Ing. Flavia Gabriela Roy\u00f3n, quien a su vez es Presidenta y Directora Titular de la Clase \u201cA\u201d de la Compa\u00f1\u00eda Administradora del Mercado Mayorista El\u00e9ctrico S.A (CAMMESA), que en el marco del \u201cComit\u00e9 de Emergencia\u201d creado oportunamente y que integran las Provincias del NEA, m\u00e1s las Distribuidoras de Formosa, Chaco, Corrientes y Misiones, donde adem\u00e1s se encuentran CAMMESA (Compa\u00f1\u00eda Administradora del Mercado Mayorista El\u00e9ctrico), TRANSNEA (encargada del transporte de la energ\u00eda en el NEA), TRANSENER (Compa\u00f1\u00eda de Transporte de Energ\u00eda El\u00e9ctrica en Alta Tensi\u00f3n), convoque al Gerente de Operaciones Gustavo A. Paredes por TRANSNEA y al Director Pablo Tarca por TRANSENER, a fin de implementar las medidas urgentes y necesarias, para evitar los colapsos energ\u00e9ticos que se vienen produciendo en las \u00faltimas semanas, frente a los elevados consumos y las altas temperaturas, lo que produce una serie de fallas en el \u00c1rea NEA en el Sistema El\u00e9ctrico Nacional Interconectado, produciendo interrupciones, fallas en la distribuci\u00f3n y hasta problemas en los transformadores.<\/p>\n<p><!--more--><\/p>\n<p>Estos colapsos energ\u00e9ticos no son nuevos y se contin\u00faan originando, causando que el servicio energ\u00e9tico que reciben los usuarios residenciales y comerciales sea deficiente, cuando los mismos cumplen con sus obligaciones y, por ende, deben recibir una prestaci\u00f3n normal y regular, y es ante esta situaci\u00f3n que demandamos y exigimos que las transportistas inviertan en las redes mediante las cuales llega la energ\u00eda a todo el NEA.<\/p>\n<p>&nbsp;<\/p>\n<p>&nbsp;<\/p>\n","protected":false},"excerpt":{"rendered":"<p>El Defensor del Pueblo de la Provincia de Formosa, Dr. Jos\u00e9 Leonardo Gialluca, solicit\u00f3 a la actual Secretaria de Energ\u00eda de la Naci\u00f3n, Ing. Flavia Gabriela Roy\u00f3n, quien a su vez es Presidenta y Directora Titular de la Clase \u201cA\u201d de la Compa\u00f1\u00eda Administradora del Mercado Mayorista El\u00e9ctrico S.A (CAMMESA), que en el marco del [&hellip;]<\/p>\n","protected":false},"author":1,"featured_media":13945,"comment_status":"closed","ping_status":"closed","sticky":false,"template":"","format":"standard","meta":{"footnotes":""},"categories":[15],"tags":[],"class_list":["post-13944","post","type-post","status-publish","format-standard","has-post-thumbnail","hentry","category-servicios"],"_links":{"self":[{"href":"https:\/\/defensoriaformosa.gob.ar\/index.php?rest_route=\/wp\/v2\/posts\/13944","targetHints":{"allow":["GET"]}}],"collection":[{"href":"https:\/\/defensoriaformosa.gob.ar\/index.php?rest_route=\/wp\/v2\/posts"}],"about":[{"href":"https:\/\/defensoriaformosa.gob.ar\/index.php?rest_route=\/wp\/v2\/types\/post"}],"author":[{"embeddable":true,"href":"https:\/\/defensoriaformosa.gob.ar\/index.php?rest_route=\/wp\/v2\/users\/1"}],"replies":[{"embeddable":true,"href":"https:\/\/defensoriaformosa.gob.ar\/index.php?rest_route=%2Fwp%2Fv2%2Fcomments&post=13944"}],"version-history":[{"count":1,"href":"https:\/\/defensoriaformosa.gob.ar\/index.php?rest_route=\/wp\/v2\/posts\/13944\/revisions"}],"predecessor-version":[{"id":13946,"href":"https:\/\/defensoriaformosa.gob.ar\/index.php?rest_route=\/wp\/v2\/posts\/13944\/revisions\/13946"}],"wp:featuredmedia":[{"embeddable":true,"href":"https:\/\/defensoriaformosa.gob.ar\/index.php?rest_route=\/wp\/v2\/media\/13945"}],"wp:attachment":[{"href":"https:\/\/defensoriaformosa.gob.ar\/index.php?rest_route=%2Fwp%2Fv2%2Fmedia&parent=13944"}],"wp:term":[{"taxonomy":"category","embeddable":true,"href":"https:\/\/defensoriaformosa.gob.ar\/index.php?rest_route=%2Fwp%2Fv2%2Fcategories&post=13944"},{"taxonomy":"post_tag","embeddable":true,"href":"https:\/\/defensoriaformosa.gob.ar\/index.php?rest_route=%2Fwp%2Fv2%2Ftags&post=13944"}],"curies":[{"name":"wp","href":"https:\/\/api.w.org\/{rel}","templated":true}]}}