{"id":13941,"date":"2022-12-18T02:42:13","date_gmt":"2022-12-18T05:42:13","guid":{"rendered":"https:\/\/defensoriaformosa.gob.ar\/?p=13941"},"modified":"2022-12-20T02:43:49","modified_gmt":"2022-12-20T05:43:49","slug":"solicito-la-defensoria-el-cumplimiento-de-la-carta-acuerdo-entre-la-secretaria-de-comercio-y-el-sector-farmaceutico-en-nuestra-provincia","status":"publish","type":"post","link":"https:\/\/defensoriaformosa.gob.ar\/?p=13941","title":{"rendered":"SOLICITO LA DEFENSORIA EL CUMPLIMIENTO DE LA CARTA ACUERDO ENTRE LA SECRETARIA DE COMERCIO Y EL SECTOR FARMACEUTICO EN NUESTRA PROVINCIA"},"content":{"rendered":"<p>A partir de esta Carta Acuerdo, el precio de los medicamentos s\u00f3lo podr\u00e1 aumentar hasta un 3,8 por ciento mensual, teniendo en cuenta el \u00faltimo precio sugerido de venta al p\u00fablico de noviembre, lo que comprende a los remedios recetados excluyendo los de venta libre hasta el 31 de marzo del 2023 inclusive-<\/p>\n<p><!--more--><\/p>\n<p>El Defensor del Pueblo Dr. Jos\u00e9 Leonardo Gialluca, afirm\u00f3 que, los medicamentos son fundamentales para la vida cotidiana y por ello, frente a la nueva \u201cCarta Acuerdo entre la Secretaria de Comercio, representada por su Titular Mat\u00edas Tombolini y el Sector Farmac\u00e9utico que comprende a los representantes del sector, la C\u00e1mara Industrial de Laboratorios Farmac\u00e9uticos Argentinos (CILFA), la C\u00e1mara Argentina de Especialidades Medicinales (CAEMe), la C\u00e1mara Empresaria de Laboratorios Farmac\u00e9uticos (COOPERALA), la Confederaci\u00f3n Farmac\u00e9utica Argentina, la Asociaci\u00f3n de Propietarios de Farmacias Argentinas, la Federaci\u00f3n Farmac\u00e9utica y la Federaci\u00f3n Argentina de C\u00e1maras de Farmacias\u201d, se solicit\u00f3 a la Subsecretar\u00eda de Defensa al Consumidor y Usuario de la Provincia, fiscalicen el cumplimiento acordado para el precio de los medicamentos recetados. Gialluca, inform\u00f3 que, en virtud de este nuevo Acuerdo, se debe tener en cuenta que, los medicamentos se comercializar\u00e1n hasta el 31 de marzo de 2023 inclusive a un precio que se determinar\u00e1 teniendo en cuenta el \u00faltimo precio sugerido de venta al p\u00fablico del mes de noviembre de 2022 con un aumento de hasta el 3,8%, como as\u00ed tambi\u00e9n para los d\u00edas que restan del mes de diciembre de 2022; hasta marzo pr\u00f3ximo, excluy\u00e9ndose los f\u00e1rmacos de venta libre. Se estableci\u00f3, adem\u00e1s, una cl\u00e1usula gatillo, por lo tanto, en caso de que la inflaci\u00f3n supere el 5%, al mes siguiente las empresas podr\u00e1n aplicar un aumento hasta un punto por debajo de la medici\u00f3n del INDEC.<\/p>\n<p>&nbsp;<\/p>\n","protected":false},"excerpt":{"rendered":"<p>A partir de esta Carta Acuerdo, el precio de los medicamentos s\u00f3lo podr\u00e1 aumentar hasta un 3,8 por ciento mensual, teniendo en cuenta el \u00faltimo precio sugerido de venta al p\u00fablico de noviembre, lo que comprende a los remedios recetados excluyendo los de venta libre hasta el 31 de marzo del 2023 inclusive-<\/p>\n","protected":false},"author":1,"featured_media":13942,"comment_status":"closed","ping_status":"closed","sticky":false,"template":"","format":"standard","meta":{"footnotes":""},"categories":[3],"tags":[],"class_list":["post-13941","post","type-post","status-publish","format-standard","has-post-thumbnail","hentry","category-defensa-de-los-derechos-del-usuario-consumidor-contribuyentes"],"_links":{"self":[{"href":"https:\/\/defensoriaformosa.gob.ar\/index.php?rest_route=\/wp\/v2\/posts\/13941","targetHints":{"allow":["GET"]}}],"collection":[{"href":"https:\/\/defensoriaformosa.gob.ar\/index.php?rest_route=\/wp\/v2\/posts"}],"about":[{"href":"https:\/\/defensoriaformosa.gob.ar\/index.php?rest_route=\/wp\/v2\/types\/post"}],"author":[{"embeddable":true,"href":"https:\/\/defensoriaformosa.gob.ar\/index.php?rest_route=\/wp\/v2\/users\/1"}],"replies":[{"embeddable":true,"href":"https:\/\/defensoriaformosa.gob.ar\/index.php?rest_route=%2Fwp%2Fv2%2Fcomments&post=13941"}],"version-history":[{"count":1,"href":"https:\/\/defensoriaformosa.gob.ar\/index.php?rest_route=\/wp\/v2\/posts\/13941\/revisions"}],"predecessor-version":[{"id":13943,"href":"https:\/\/defensoriaformosa.gob.ar\/index.php?rest_route=\/wp\/v2\/posts\/13941\/revisions\/13943"}],"wp:featuredmedia":[{"embeddable":true,"href":"https:\/\/defensoriaformosa.gob.ar\/index.php?rest_route=\/wp\/v2\/media\/13942"}],"wp:attachment":[{"href":"https:\/\/defensoriaformosa.gob.ar\/index.php?rest_route=%2Fwp%2Fv2%2Fmedia&parent=13941"}],"wp:term":[{"taxonomy":"category","embeddable":true,"href":"https:\/\/defensoriaformosa.gob.ar\/index.php?rest_route=%2Fwp%2Fv2%2Fcategories&post=13941"},{"taxonomy":"post_tag","embeddable":true,"href":"https:\/\/defensoriaformosa.gob.ar\/index.php?rest_route=%2Fwp%2Fv2%2Ftags&post=13941"}],"curies":[{"name":"wp","href":"https:\/\/api.w.org\/{rel}","templated":true}]}}