{"id":13898,"date":"2022-12-09T15:19:08","date_gmt":"2022-12-09T18:19:08","guid":{"rendered":"https:\/\/defensoriaformosa.gob.ar\/?p=13898"},"modified":"2022-12-09T15:19:08","modified_gmt":"2022-12-09T18:19:08","slug":"la-defensoria-del-pueblo-coordino-con-la-agencia-territorial-de-trabajo-seccional-formosa-diversas-acciones-para-obtener-una-mayor-insercion-laboral-en-la-provincia","status":"publish","type":"post","link":"https:\/\/defensoriaformosa.gob.ar\/?p=13898","title":{"rendered":"LA DEFENSORIA DEL PUEBLO COORDINO CON LA AGENCIA TERRITORIAL DE TRABAJO SECCIONAL FORMOSA DIVERSAS ACCIONES PARA OBTENER UNA MAYOR INSERCION LABORAL EN LA PROVINCIA"},"content":{"rendered":"<p>Representantes de la Agencia Territorial del Ministerio de Trabajo, Empleo y Seguridad Social de la Naci\u00f3n en Formosa, encabezados por su Titular Dr. Orlando Ortellado, la Lic. Carolina Dobler y el Director del \u00c1rea de Enlace Municipal Sr. Cristian Ben\u00edtez, conjuntamente con el Defensor del Pueblo Dr. Jos\u00e9 Leonardo Gialluca, la Defensora Adjunta Dra. Sylvina M. Portillo, el Secretario Letrado Dr. Jos\u00e9 P. Garc\u00eda, el Representante de la Defensor\u00eda del Pueblo de Naci\u00f3n Dr. Julio Santander, las asesoras legales Dra. Lourdes Delgadillo, Mar\u00eda E. Pereira, y Ornella Barraza, llevaron adelante una -Reuni\u00f3n de Trabajo-, con el objetivo, \u201cde coordinar acciones y gestiones para la inserci\u00f3n laboral en diversos Programas de Empleos en todo el Territorio Provincial\u201d.<\/p>\n<p><!--more--><\/p>\n<p>Ortellado, se\u00f1al\u00f3 que, la funci\u00f3n principal de la dependencia a su cargo, es crear -Oficinas de Empleo- en los distintos municipios de la provincia, donde se descargan programas de empleo provenientes de Naci\u00f3n. Expres\u00f3 que, actualmente, existen oficinas establecidas en las localidades de Las Lomitas, Piran\u00e9, El Colorado, Herradura, Laguna Blanca, Ingeniero Ju\u00e1rez y en Formosa Capital, desde donde se trabaja coordinadamente con la Subsecretaria de Empleo de la Provincia a cargo del Dr. Rodrigo Mart\u00edn Sandoval. Asimismo, agreg\u00f3 que para el mes de diciembre del corriente a\u00f1o, se proyecta inaugurar alrededor de 30 Agencias de Empleo, para lo cual, ya se firmaron los respectivos convenios. Por otra parte, explic\u00f3 que existen tres tipos de empleo: el p\u00fablico, el p\u00fablico-privado -que incluye a la obra p\u00fablica- y el privado genuino, siendo esta \u00faltima, clasificaci\u00f3n el \u00e1rea de desempe\u00f1o de la Agencia Territorial. Explica que, otra cuesti\u00f3n a considerar, es que los diversos programas que vienen de Naci\u00f3n, no contemplan por ahora a las Comunidades Originarias, por lo que se est\u00e1 buscando que los fondos se asignen directamente a la provincia y posteriormente, se dise\u00f1en los programas de empleo de acuerdo a las necesidades y caracter\u00edsticas particulares de cada etnia, por ejemplo, \u201cL\u00ednea Aborigen\u201d, \u201cL\u00ednea Mujer Soltera\u201d, etc. La Lic. Carolina Dobler, agrega que, articula como contacto PYME y explic\u00f3 que el objetivo de la Agencia Territorial a trav\u00e9s de los Programas de Naci\u00f3n (Programa \u201cTe Sumo\u201d, \u201cFomentar Empleo\u201d, \u201cFuente de Empleo\u201d) es el de lograr la inserci\u00f3n de personas a las empresas, a las que se les ofrece una reducci\u00f3n de contribuciones patronales. Para ello se realiz\u00f3 un mapeo empresarial y se construy\u00f3 una -bolsa de empleo-, pero la realidad es que los empresarios no desean tomar ciudadanos de Pueblos Originarios para sus actividades, por lo que se est\u00e1 trabajando en esta tem\u00e1tica. Posteriormente, el Director del \u00c1rea de Enlace Municipal Sr. Cristian Ben\u00edtez expres\u00f3 que, para la apertura de una Oficina de Empleo, el Convenio se firma entre Naci\u00f3n y cada Municipio, y son atendidas por empleados que designa la Municipalidad. Hasta la fecha, las oficinas funcionales se encuentran en Formosa Capital, Piran\u00e9, Las Lomitas, El Colorado, Herradura y Laguna Blanca. Existen tambi\u00e9n oficinas m\u00e1s peque\u00f1as en Mosconi, Ingeniero Ju\u00e1rez y Laguna Yema. En este contexto, las partes acuerdan, mantenerse en permanente contacto, de manera que, todas las personas de cualquier punto de la provincia que busquen y necesiten un empleo, puedan ser debidamente asesoradas y conectadas con las distintas oficinas que se encuentran funcionando a lo largo y ancho de nuestro territorio provincial.<\/p>\n<p>&nbsp;<\/p>\n","protected":false},"excerpt":{"rendered":"<p>Representantes de la Agencia Territorial del Ministerio de Trabajo, Empleo y Seguridad Social de la Naci\u00f3n en Formosa, encabezados por su Titular Dr. Orlando Ortellado, la Lic. Carolina Dobler y el Director del \u00c1rea de Enlace Municipal Sr. Cristian Ben\u00edtez, conjuntamente con el Defensor del Pueblo Dr. Jos\u00e9 Leonardo Gialluca, la Defensora Adjunta Dra. Sylvina [&hellip;]<\/p>\n","protected":false},"author":1,"featured_media":13899,"comment_status":"closed","ping_status":"closed","sticky":false,"template":"","format":"standard","meta":{"footnotes":""},"categories":[3],"tags":[],"class_list":["post-13898","post","type-post","status-publish","format-standard","has-post-thumbnail","hentry","category-defensa-de-los-derechos-del-usuario-consumidor-contribuyentes"],"_links":{"self":[{"href":"https:\/\/defensoriaformosa.gob.ar\/index.php?rest_route=\/wp\/v2\/posts\/13898","targetHints":{"allow":["GET"]}}],"collection":[{"href":"https:\/\/defensoriaformosa.gob.ar\/index.php?rest_route=\/wp\/v2\/posts"}],"about":[{"href":"https:\/\/defensoriaformosa.gob.ar\/index.php?rest_route=\/wp\/v2\/types\/post"}],"author":[{"embeddable":true,"href":"https:\/\/defensoriaformosa.gob.ar\/index.php?rest_route=\/wp\/v2\/users\/1"}],"replies":[{"embeddable":true,"href":"https:\/\/defensoriaformosa.gob.ar\/index.php?rest_route=%2Fwp%2Fv2%2Fcomments&post=13898"}],"version-history":[{"count":1,"href":"https:\/\/defensoriaformosa.gob.ar\/index.php?rest_route=\/wp\/v2\/posts\/13898\/revisions"}],"predecessor-version":[{"id":13900,"href":"https:\/\/defensoriaformosa.gob.ar\/index.php?rest_route=\/wp\/v2\/posts\/13898\/revisions\/13900"}],"wp:featuredmedia":[{"embeddable":true,"href":"https:\/\/defensoriaformosa.gob.ar\/index.php?rest_route=\/wp\/v2\/media\/13899"}],"wp:attachment":[{"href":"https:\/\/defensoriaformosa.gob.ar\/index.php?rest_route=%2Fwp%2Fv2%2Fmedia&parent=13898"}],"wp:term":[{"taxonomy":"category","embeddable":true,"href":"https:\/\/defensoriaformosa.gob.ar\/index.php?rest_route=%2Fwp%2Fv2%2Fcategories&post=13898"},{"taxonomy":"post_tag","embeddable":true,"href":"https:\/\/defensoriaformosa.gob.ar\/index.php?rest_route=%2Fwp%2Fv2%2Ftags&post=13898"}],"curies":[{"name":"wp","href":"https:\/\/api.w.org\/{rel}","templated":true}]}}