{"id":13887,"date":"2022-12-06T17:48:24","date_gmt":"2022-12-06T20:48:24","guid":{"rendered":"https:\/\/defensoriaformosa.gob.ar\/?p=13887"},"modified":"2022-12-07T17:49:34","modified_gmt":"2022-12-07T20:49:34","slug":"los-planes-sociales-no-son-una-respuesta-populista-y-se-han-constituido-en-una-necesidad-para-neutralizar-los-graves-problemas-de-pobreza-por-la-que-atravesamos","status":"publish","type":"post","link":"https:\/\/defensoriaformosa.gob.ar\/?p=13887","title":{"rendered":"LOS PLANES SOCIALES NO SON UNA RESPUESTA POPULISTA Y SE HAN CONSTITUIDO EN UNA NECESIDAD PARA NEUTRALIZAR LOS GRAVES PROBLEMAS DE POBREZA POR LA QUE ATRAVESAMOS"},"content":{"rendered":"<p>Gialluca se\u00f1al\u00f3 que, existen los mecanismos de control, pero sin dudas deben ser mejorados y para los millones de beneficiarios de planes sociales, la soluci\u00f3n no va a venir jam\u00e1s del Mercado, sino del Estado que tiene la obligaci\u00f3n moral de asistirlos, a la par de generar mayores puestos de trabajo-<\/p>\n<p><!--more--><\/p>\n<p>Desde la Defensor\u00eda del Pueblo, rechazaron las manifestaciones del Obispo Jos\u00e9 Vicente Conejero, al afirmar este \u00faltimo que, \u201clos planes sociales son respuestas populistas para mantener el poder\u201d. El Representante de la Iglesia Cat\u00f3lica en Formosa, \u201cpidi\u00f3 m\u00e1s trabajo genuino y menos planes sociales\u201d. En este sentido, desde el Organismo de la Constituci\u00f3n, se preguntaron \u00bfqu\u00e9 duda existe que de la pobreza y la marginaci\u00f3n actual \u00fanicamente se sale con trabajo?. Ninguna Organizaci\u00f3n Social desconoce esta situaci\u00f3n. Enseguida surge otra pregunta \u00bfad\u00f3nde van a ir a trabajar los beneficiarios de los planes sociales tal como lo plantea el Se\u00f1or Obispo y los sectores pol\u00edticos de la derecha en argentina?. El Ombudsman Provincial, Dr. Jos\u00e9 Leonardo Gialluca, afirm\u00f3 que solamente con profundo desconocimiento o con mala fe o con una intencionalidad encubierta, se puede hoy responsabilizar a los pobres de lo que pasa en la econom\u00eda del pa\u00eds. Por ello, los planes sociales constituyen una pol\u00edtica antic\u00edclica indispensable en la actualidad para no agudizar los tremendos problemas de pobreza por los que atravesamos y por ello sostenemos que no solamente hay que mantenerlos, sino incrementarlos en su cantidad y en los montos que se pagan, pues hoy con 20 mil pesos o algo m\u00e1s, no se cubre la Canasta B\u00e1sica Alimentaria. Sabemos y entendemos que la soluci\u00f3n est\u00e1 en que haya trabajo, pero tambi\u00e9n conocemos que la generaci\u00f3n de trabajo, no va a venir nunca de la mano del mercado como argumentan los liberales y por ello, en nuestro Pa\u00eds y Provincia, el Estado \u201ctiene la obligaci\u00f3n moral de atender a millones de personas, toda vez que los mismos no son los responsables de encontrarse en esta situaci\u00f3n y s\u00ed lo son los gobiernos que han endeudado irresponsablemente a nuestro pueblo\u201d. Por \u00faltimo, el Defensor, sostuvo que puede ser cierto que la Iglesia no tenga la suficiente capacidad de asistencia como la puede tener un Estado, pero por lo menos, sus Representantes deber\u00edan actuar con prudencia, cautela y sentido com\u00fan, ese sentido que hoy indica que no se puede ser voceros de la derecha econ\u00f3mica que afirman que los planes sociales son respuestas populistas y plantean adem\u00e1s que los millones de argentinos que reciben los Planes Potenciar Trabajo, son los responsables del d\u00e9ficit fiscal, pero hasta hoy, nunca hemos escuchado que se denuncie, la evasi\u00f3n impositiva de las grandes empresas monop\u00f3licas, que son las que colocan el precio que quieren a los alimentos, productos de higiene personal y del hogar, como as\u00ed tambi\u00e9n a los medicamentos. Es cierto que existen muchas cosas que se deben regular en lo que respecta a los planes sociales, pero tambi\u00e9n hay que decir que los mismos sirven como un piso de protecci\u00f3n social, porque los planes atienden necesidades urgentes y permiten que la tasa de indigencia (8,8% que representa a 4 millones de personas) no se dispare y contin\u00fae bajando, como adem\u00e1s es verdad que hay una poblaci\u00f3n que no accede al trabajo y para ello, es necesario que crezca la econom\u00eda y en esto se est\u00e1 trabajando, por lo cual, debemos enfrentar, \u201ca todos los sectores de poder, tanto internos, como externos que \u00fanicamente buscan imponer sus intereses y que no les importa realmente si el pobre o el desempleado o los cuentapropistas, comen o no todos los d\u00edas\u201d.<\/p>\n<p>&nbsp;<\/p>\n","protected":false},"excerpt":{"rendered":"<p>Gialluca se\u00f1al\u00f3 que, existen los mecanismos de control, pero sin dudas deben ser mejorados y para los millones de beneficiarios de planes sociales, la soluci\u00f3n no va a venir jam\u00e1s del Mercado, sino del Estado que tiene la obligaci\u00f3n moral de asistirlos, a la par de generar mayores puestos de trabajo-<\/p>\n","protected":false},"author":1,"featured_media":13888,"comment_status":"closed","ping_status":"closed","sticky":false,"template":"","format":"standard","meta":{"footnotes":""},"categories":[3],"tags":[],"class_list":["post-13887","post","type-post","status-publish","format-standard","has-post-thumbnail","hentry","category-defensa-de-los-derechos-del-usuario-consumidor-contribuyentes"],"_links":{"self":[{"href":"https:\/\/defensoriaformosa.gob.ar\/index.php?rest_route=\/wp\/v2\/posts\/13887","targetHints":{"allow":["GET"]}}],"collection":[{"href":"https:\/\/defensoriaformosa.gob.ar\/index.php?rest_route=\/wp\/v2\/posts"}],"about":[{"href":"https:\/\/defensoriaformosa.gob.ar\/index.php?rest_route=\/wp\/v2\/types\/post"}],"author":[{"embeddable":true,"href":"https:\/\/defensoriaformosa.gob.ar\/index.php?rest_route=\/wp\/v2\/users\/1"}],"replies":[{"embeddable":true,"href":"https:\/\/defensoriaformosa.gob.ar\/index.php?rest_route=%2Fwp%2Fv2%2Fcomments&post=13887"}],"version-history":[{"count":1,"href":"https:\/\/defensoriaformosa.gob.ar\/index.php?rest_route=\/wp\/v2\/posts\/13887\/revisions"}],"predecessor-version":[{"id":13889,"href":"https:\/\/defensoriaformosa.gob.ar\/index.php?rest_route=\/wp\/v2\/posts\/13887\/revisions\/13889"}],"wp:featuredmedia":[{"embeddable":true,"href":"https:\/\/defensoriaformosa.gob.ar\/index.php?rest_route=\/wp\/v2\/media\/13888"}],"wp:attachment":[{"href":"https:\/\/defensoriaformosa.gob.ar\/index.php?rest_route=%2Fwp%2Fv2%2Fmedia&parent=13887"}],"wp:term":[{"taxonomy":"category","embeddable":true,"href":"https:\/\/defensoriaformosa.gob.ar\/index.php?rest_route=%2Fwp%2Fv2%2Fcategories&post=13887"},{"taxonomy":"post_tag","embeddable":true,"href":"https:\/\/defensoriaformosa.gob.ar\/index.php?rest_route=%2Fwp%2Fv2%2Ftags&post=13887"}],"curies":[{"name":"wp","href":"https:\/\/api.w.org\/{rel}","templated":true}]}}