{"id":13880,"date":"2022-12-02T17:04:50","date_gmt":"2022-12-02T20:04:50","guid":{"rendered":"https:\/\/defensoriaformosa.gob.ar\/?p=13880"},"modified":"2022-12-02T17:04:50","modified_gmt":"2022-12-02T20:04:50","slug":"solicitaron-que-taller-movil-de-rto-se-instale-en-diferentes-puntos-de-nuestra-provincia","status":"publish","type":"post","link":"https:\/\/defensoriaformosa.gob.ar\/?p=13880","title":{"rendered":"SOLICITARON QUE TALLER MOVIL DE RTO SE INSTALE EN DIFERENTES PUNTOS DE NUESTRA PROVINCIA"},"content":{"rendered":"<p>-Gialluca inform\u00f3 que, como respuesta a una Intimaci\u00f3n del Organismo de la Constituci\u00f3n, el Gerente de Crucero del Sur Agrupaci\u00f3n C\u00e9sar Aguirre, \u201cafirm\u00f3 que todas las unidades que prestan el servicio de transporte urbano de pasajeros, se encuentran debidamente habilitadas\u201d-<\/p>\n<p><!--more--><br \/>\nEl Defensor del Pueblo de la Provincia de Formosa, Dr. Jos\u00e9 Leonardo Gialluca, recepcion\u00f3 por parte del Apoderado de la Empresa INTERFOR S.R.L. Dr. Favio Trevizan, un informe en el que da cuenta que el Taller M\u00f3vil que actualmente se encuentra desarrollando sus tareas en el Polideportivo Municipal de Clorinda y que es el mismo que antes brindaba servicios en el Circuito 5 de la Ciudad de Formosa, cuenta con una sola l\u00ednea de inspecci\u00f3n, con capacidad de revisi\u00f3n de veh\u00edculos de hasta 4 mil kg y est\u00e1 dise\u00f1ado para trabajar a la vera de la ruta o en lugares abiertos y presta sus servicios de lunes a jueves de 7:00 a 12:00 y de 14:00 a 19:00 horas y los d\u00edas viernes el horario de atenci\u00f3n se reduce de 7:00 a 12:00 y de 14:00 a 17:00 horas, \u201csiendo la atenci\u00f3n por orden de llegada o por turnos previamente solicitados\u201d. Para este fin, los interesados deben comunicarse al tel\u00e9fono celular y whatsapp de INTERFOR S.R.L. 3704 \u2013 057410 y\/o celular del Taller M\u00f3vil 3704 \u2013 553165 y\/o a los correos electr\u00f3nicos: interforsrl@hotmail.com. Se se\u00f1al\u00f3 que, como ha ocurrido desde el a\u00f1o 2015 que es cuando sali\u00f3 por primera vez el Taller M\u00f3vil al Interior Provincial, no solo se brinda el servicio a los usuarios de la Ciudad que se toma como base, sino que tambi\u00e9n usufruct\u00faan del servicio los usuarios de las ciudad y pueblos aleda\u00f1os. La gran demanda se debe a que este Taller M\u00f3vil vuelve a salir al Interior Provincial, reci\u00e9n despu\u00e9s de 2 a\u00f1os de pandemia del Covid-19, a lo que se le suma el no haber contado con el Taller Fijo en funcionamiento desde septiembre de 2020 hasta hace poco m\u00e1s de 1 mes a la fecha, lo cual ha ocasionado que los propietarios de veh\u00edculos tengan la necesidad de regularizar su RTO por el vencimiento de su validez. Por \u00faltimo, se record\u00f3 que, la Empresa INTERFOR S.R.L., ubicada en Av. Pte. Arturo Illia 6.025 de la Ciudad de Formosa, cuenta con 3 l\u00edneas de inspecci\u00f3n, 2 l\u00edneas para veh\u00edculos livianos o medios y 1 l\u00ednea para los de gran porte, camiones u \u00f3mnibus siendo sus horarios de atenci\u00f3n de 6:00 a 21:00 horas en horario corrido de lunes a viernes y los d\u00edas s\u00e1bados de 6:00 a 13:00 horas.<\/p>\n<p>&nbsp;<\/p>\n","protected":false},"excerpt":{"rendered":"<p>-Gialluca inform\u00f3 que, como respuesta a una Intimaci\u00f3n del Organismo de la Constituci\u00f3n, el Gerente de Crucero del Sur Agrupaci\u00f3n C\u00e9sar Aguirre, \u201cafirm\u00f3 que todas las unidades que prestan el servicio de transporte urbano de pasajeros, se encuentran debidamente habilitadas\u201d-<\/p>\n","protected":false},"author":1,"featured_media":13881,"comment_status":"closed","ping_status":"closed","sticky":false,"template":"","format":"standard","meta":{"footnotes":""},"categories":[3],"tags":[],"class_list":["post-13880","post","type-post","status-publish","format-standard","has-post-thumbnail","hentry","category-defensa-de-los-derechos-del-usuario-consumidor-contribuyentes"],"_links":{"self":[{"href":"https:\/\/defensoriaformosa.gob.ar\/index.php?rest_route=\/wp\/v2\/posts\/13880","targetHints":{"allow":["GET"]}}],"collection":[{"href":"https:\/\/defensoriaformosa.gob.ar\/index.php?rest_route=\/wp\/v2\/posts"}],"about":[{"href":"https:\/\/defensoriaformosa.gob.ar\/index.php?rest_route=\/wp\/v2\/types\/post"}],"author":[{"embeddable":true,"href":"https:\/\/defensoriaformosa.gob.ar\/index.php?rest_route=\/wp\/v2\/users\/1"}],"replies":[{"embeddable":true,"href":"https:\/\/defensoriaformosa.gob.ar\/index.php?rest_route=%2Fwp%2Fv2%2Fcomments&post=13880"}],"version-history":[{"count":1,"href":"https:\/\/defensoriaformosa.gob.ar\/index.php?rest_route=\/wp\/v2\/posts\/13880\/revisions"}],"predecessor-version":[{"id":13882,"href":"https:\/\/defensoriaformosa.gob.ar\/index.php?rest_route=\/wp\/v2\/posts\/13880\/revisions\/13882"}],"wp:featuredmedia":[{"embeddable":true,"href":"https:\/\/defensoriaformosa.gob.ar\/index.php?rest_route=\/wp\/v2\/media\/13881"}],"wp:attachment":[{"href":"https:\/\/defensoriaformosa.gob.ar\/index.php?rest_route=%2Fwp%2Fv2%2Fmedia&parent=13880"}],"wp:term":[{"taxonomy":"category","embeddable":true,"href":"https:\/\/defensoriaformosa.gob.ar\/index.php?rest_route=%2Fwp%2Fv2%2Fcategories&post=13880"},{"taxonomy":"post_tag","embeddable":true,"href":"https:\/\/defensoriaformosa.gob.ar\/index.php?rest_route=%2Fwp%2Fv2%2Ftags&post=13880"}],"curies":[{"name":"wp","href":"https:\/\/api.w.org\/{rel}","templated":true}]}}