{"id":13877,"date":"2022-12-01T17:41:10","date_gmt":"2022-12-01T20:41:10","guid":{"rendered":"https:\/\/defensoriaformosa.gob.ar\/?p=13877"},"modified":"2022-12-01T17:41:10","modified_gmt":"2022-12-01T20:41:10","slug":"se-acordo-con-institucion-geriatrica-la-ejecucion-de-una-serie-de-obras-para-evitar-contaminaciones-a-vecinos-linderos","status":"publish","type":"post","link":"https:\/\/defensoriaformosa.gob.ar\/?p=13877","title":{"rendered":"SE ACORDO CON INSTITUCION GERIATRICA LA EJECUCION DE UNA SERIE DE OBRAS PARA EVITAR CONTAMINACIONES A VECINOS LINDEROS"},"content":{"rendered":"<p>Gialluca resalt\u00f3 que, el Gobierno Nacional haya otorgado jerarqu\u00eda constitucional a los derechos de las personas mayores, con lo cual, se va a poder condenar cualquier hecho que vulneren los mismos, estableci\u00e9ndose desde ahora una paridad con otros grupos vulnerables, como la ni\u00f1ez, mujeres, personas con discapacidad, entre otros-<\/p>\n<p><!--more--><\/p>\n<p>Vecinos linderos a la Residencia Geri\u00e1trica Edmifor S.A., denunciaron por ante la Defensor\u00eda del Pueblo, \u201cel ingreso a sus hogares de l\u00edquidos pluviales y cloacales provenientes de la Instituci\u00f3n antes citada\u201d; por lo cual, se llev\u00f3 a cabo una -Audiencia de Conciliaci\u00f3n-, a la que concurrieron el Apoderado Legal de Edmifor. S.A.\u201d Dr. Javier Jos\u00e9 Mobilio, los damnificados Sres. Victoria Castro y Ulises Mareco. Encontr\u00e1ndose presentes, adem\u00e1s, el Defensor del Pueblo Dr. Jos\u00e9 Leonardo Gialluca, los Asesores Letrados Dr. Leonardo Rodr\u00edguez Posse, Dra. Lourdes Delgadillo, Leonardo S\u00e1nchez y Ornella Barraza. Afirmaron los vecinos damnificados que los inconvenientes se iniciaron ya hace varios a\u00f1os y donde el agua servida comenz\u00f3 a brotar desde el suelo, agrav\u00e1ndose posteriormente, especialmente los d\u00edas de lluvia, obligando inclusive a que una de partes, \u201ctenga que dejar su vivienda y alquilar actualmente otro lugar para poder vivir en condiciones dignas\u201d. Explican que, anteriormente en ese lugar, era una zona de barreras, pero en 2015 se construy\u00f3 la Avenida Arturo Frondizi, con lo cual, las viviendas quedaron mucho m\u00e1s bajas. A su turno, el Apoderado Legal del Geri\u00e1trico Edmifor, Dr. Javier Jos\u00e9 Mobilio, expresa que la empresa Aguas de Formosa realiz\u00f3 una constataci\u00f3n \u201cin &#8211; situ\u201d de la cual resultaron \u201csugerencias de obras de refacci\u00f3n a iniciarse\u201d, dado que, si bien el geri\u00e1trico, actualmente se halla conectado a la red cloacal, en sus inicios se tuvo que construir una c\u00e1mara s\u00e9ptica de grandes proporciones, la cual se debe clausurar para ser reemplazada por una c\u00e1mara de inspecci\u00f3n de menor tama\u00f1o. Estima por el paso del tiempo, la c\u00e1mara s\u00e9ptica construida, puede presentar rajaduras y para ello, se van a realizar todos los trabajos necesarios para evitar que los vecinos sufran filtraciones, tanto de agua, como de otros efluentes provenientes del geri\u00e1trico. El Ombudsman Provincial, solicita al Apoderado antes citado, que los propietarios o responsables de esta Instituci\u00f3n, donde actualmente se alojan un gran n\u00famero de adultos mayores, realicen las obras preventivas suficientes para evitar las filtraciones y posteriormente, clausuren la c\u00e1mara s\u00e9ptica construida y la cual hoy ya no tiene raz\u00f3n de ser, pues, toda la zona posee el servicio de agua potable y cloacal. En este punto, todas las partes resuelven de com\u00fan acuerdo, reunirse nuevamente este pr\u00f3ximo viernes, con la presencia de un profesional nombrado por el geri\u00e1trico, ya sea arquitecto o ingeniero, el que explicar\u00e1 las medidas y plazos en que se iniciar\u00e1n las obras para resolver las diversas filtraciones existentes.<br \/>\nPROMULGAN LEY QUE OTORGA JERARQU\u00cdA CONSTITUCIONAL A LA CONVENCI\u00d3N SOBRE DERECHOS DE PERSONAS MAYORES: El Ombudsman Provincial, resalt\u00f3 que, el Gobierno Nacional promulg\u00f3 una ley que otorga jerarqu\u00eda constitucional a la Convenci\u00f3n Interamericana sobre Protecci\u00f3n de Derechos Humanos de las Personas Mayores, adoptada por la Organizaci\u00f3n de los Estados Americanos (OEA) durante la 45\u00aa Asamblea General en 2015. La promulgaci\u00f3n se realiz\u00f3 mediante el Decreto 795\/2022, publicado en el Bolet\u00edn Oficial con las firmas del Presidente Alberto Fern\u00e1ndez; el Jefe de Gabinete, Juan Manzur; y el Ministro de Justicia, Mart\u00edn Soria. La ley N\u00ba 27.700, que otorga jerarqu\u00eda constitucional a la Convenci\u00f3n Interamericana sobre Protecci\u00f3n de Derechos Humanos de las Personas Mayores en los t\u00e9rminos del art\u00edculo 75 inciso 22 de la Constituci\u00f3n Nacional, fue sancionada el 9 de noviembre pasado. Esta Convenci\u00f3n busca promover, proteger y asegurar el reconocimiento y el pleno goce y ejercicio, en condiciones de igualdad, de todos los derechos humanos y libertades fundamentales de la persona mayor a fin de contribuir a su plena inclusi\u00f3n, integraci\u00f3n y participaci\u00f3n en la sociedad. La misma, hab\u00eda sido aprobada en la Argentina a trav\u00e9s de la Ley 27.360, sancionada en mayo de 2017, pero la actual promulgaci\u00f3n ampl\u00eda el estatus del marco normativo en el que se apoyan los programas y proyectos de la Direcci\u00f3n Nacional de Pol\u00edticas para Adultos Mayores de la Secretar\u00eda Nacional de Ni\u00f1ez, Adolescencia y Familia (Senaf). Adem\u00e1s, coloca -en paridad- a los derechos de las personas mayores con otros grupos en situaci\u00f3n de vulnerabilidad que est\u00e1n amparados en otros documentos internacionales de igual rango, como la Convenci\u00f3n sobre los Derechos del Ni\u00f1o o la Convenci\u00f3n sobre los Derechos de las Personas con Discapacidad, entre otros. A partir de este documento adoptado por la OEA, los Estados parte se comprometen a prevenir, sancionar y erradicar aquellas pr\u00e1cticas contrarias a la Convenci\u00f3n, tales como aislamiento, abandono, sujeciones f\u00edsicas prolongadas, hacinamiento, expulsiones de la comunidad, la negaci\u00f3n de nutrici\u00f3n, infantilizaci\u00f3n, los tratamientos m\u00e9dicos inadecuados y los malos tratos o penas crueles. Tambi\u00e9n, los Estados firmantes se comprometen, entre otras cuestiones, a fomentar una actitud positiva hacia la vejez y un trato digno, respetuoso y considerado hacia la persona mayor y, sobre la base de una cultura de paz, impulsar acciones de divulgaci\u00f3n, promoci\u00f3n de los derechos y empoderamiento de la persona mayor, as\u00ed como evitar el lenguaje e im\u00e1genes estereotipadas sobre la vejez.<\/p>\n<p>&nbsp;<\/p>\n","protected":false},"excerpt":{"rendered":"<p>Gialluca resalt\u00f3 que, el Gobierno Nacional haya otorgado jerarqu\u00eda constitucional a los derechos de las personas mayores, con lo cual, se va a poder condenar cualquier hecho que vulneren los mismos, estableci\u00e9ndose desde ahora una paridad con otros grupos vulnerables, como la ni\u00f1ez, mujeres, personas con discapacidad, entre otros-<\/p>\n","protected":false},"author":1,"featured_media":13878,"comment_status":"closed","ping_status":"closed","sticky":false,"template":"","format":"standard","meta":{"footnotes":""},"categories":[3],"tags":[],"class_list":["post-13877","post","type-post","status-publish","format-standard","has-post-thumbnail","hentry","category-defensa-de-los-derechos-del-usuario-consumidor-contribuyentes"],"_links":{"self":[{"href":"https:\/\/defensoriaformosa.gob.ar\/index.php?rest_route=\/wp\/v2\/posts\/13877","targetHints":{"allow":["GET"]}}],"collection":[{"href":"https:\/\/defensoriaformosa.gob.ar\/index.php?rest_route=\/wp\/v2\/posts"}],"about":[{"href":"https:\/\/defensoriaformosa.gob.ar\/index.php?rest_route=\/wp\/v2\/types\/post"}],"author":[{"embeddable":true,"href":"https:\/\/defensoriaformosa.gob.ar\/index.php?rest_route=\/wp\/v2\/users\/1"}],"replies":[{"embeddable":true,"href":"https:\/\/defensoriaformosa.gob.ar\/index.php?rest_route=%2Fwp%2Fv2%2Fcomments&post=13877"}],"version-history":[{"count":1,"href":"https:\/\/defensoriaformosa.gob.ar\/index.php?rest_route=\/wp\/v2\/posts\/13877\/revisions"}],"predecessor-version":[{"id":13879,"href":"https:\/\/defensoriaformosa.gob.ar\/index.php?rest_route=\/wp\/v2\/posts\/13877\/revisions\/13879"}],"wp:featuredmedia":[{"embeddable":true,"href":"https:\/\/defensoriaformosa.gob.ar\/index.php?rest_route=\/wp\/v2\/media\/13878"}],"wp:attachment":[{"href":"https:\/\/defensoriaformosa.gob.ar\/index.php?rest_route=%2Fwp%2Fv2%2Fmedia&parent=13877"}],"wp:term":[{"taxonomy":"category","embeddable":true,"href":"https:\/\/defensoriaformosa.gob.ar\/index.php?rest_route=%2Fwp%2Fv2%2Fcategories&post=13877"},{"taxonomy":"post_tag","embeddable":true,"href":"https:\/\/defensoriaformosa.gob.ar\/index.php?rest_route=%2Fwp%2Fv2%2Ftags&post=13877"}],"curies":[{"name":"wp","href":"https:\/\/api.w.org\/{rel}","templated":true}]}}