{"id":13861,"date":"2022-11-27T20:15:10","date_gmt":"2022-11-27T23:15:10","guid":{"rendered":"https:\/\/defensoriaformosa.gob.ar\/?p=13861"},"modified":"2022-11-27T20:15:10","modified_gmt":"2022-11-27T23:15:10","slug":"se-rechazaran-los-pedidos-de-aumentos-de-las-transportistas-de-enegia-electrica","status":"publish","type":"post","link":"https:\/\/defensoriaformosa.gob.ar\/?p=13861","title":{"rendered":"SE RECHAZARAN LOS PEDIDOS DE AUMENTOS DE LAS TRANSPORTISTAS DE ENEGIA ELECTRICA"},"content":{"rendered":"<p>Gialluca denunci\u00f3 que, TRANSNEA, TRANSENER, LINSA y otras Empresas Transportistas, son las responsables de que en los meses de diciembre, enero y febrero, se produzcan los \u201cColapsos Energ\u00e9ticos\u201d que dejan sin energ\u00eda el\u00e9ctrica a todos los usuarios residenciales y comerciales, especialmente entre las 14:00 a 18:00 horas, por lo que ellos denominan, \u201cEfecto Aire Acondicionado\u201d, cuando en realidad, est\u00e1 probado que estos hechos se producen por la falta total de inversiones y de abandono de las redes, al punto de que no son capaces de limpiar las zonas de las l\u00edneas de alta tensi\u00f3n en 500 kW que abastece a gran parte del Nordeste Argentino, produci\u00e9ndose permanentes incendios por los pastizales, que nos dejan, no solamente sin el servicio, sino que tambi\u00e9n perjudica a la Empresa Aguas de Formosa, \u201cya que los microcortes e intermitencias, producen la salida de servicios de sus equipos y para el restablecimiento de los mismos, debe pasar m\u00e1s de 1 o 2 horas, lo que termina dejando a Barrios enteros de nuestra Ciudad sin agua potable\u201d.-<\/p>\n<p><!--more--><\/p>\n<p>El Defensor del Pueblo de la Provincia de Formosa, Dr. Jos\u00e9 Leonardo Gialluca, inform\u00f3 que, el pr\u00f3ximo miercoles 30 de noviembre del corriente a\u00f1o a las 9:00 horas, participar\u00e1 de la Audiencia P\u00fablica convocada por el ENRE mediante Resoluci\u00f3n N\u00ba 539\/22 y que tiene por objeto la adecuaci\u00f3n transitoria de tarifas del transporte de energ\u00eda el\u00e9ctrica en alta tensi\u00f3n. En este sentido, se\u00f1al\u00f3 que en lo que hace a nuestra Jurisdicci\u00f3n, se podr\u00e1 especial atenci\u00f3n en los pedidos que realice la Empresa de Transporte de Energ\u00eda El\u00e9ctrica por Distribuci\u00f3n Troncal de Noreste Argentino S.A. (TRANSNEA S.A.), cuyo Presidente Osvaldo C. Iglesias, en base al impacto de la inflaci\u00f3n proyectada para el a\u00f1o 2023, la recuperaci\u00f3n de los niveles de inversi\u00f3n en renovaci\u00f3n de activos, eliminaci\u00f3n de obsolescencia, seguridad p\u00fablica y mejoras tecnol\u00f3gicas que requiere la red de transporte, reclamar\u00eda una importante recomposici\u00f3n tarifaria que se ubicar\u00eda por encima del 37%. El Ombudsman Provincial, record\u00f3 que, el transporte es uno de los tres tramos que forman parte del servicio, junto a la generaci\u00f3n y distribuci\u00f3n de la energ\u00eda. En este sentido, desde las empresas transportistas reclaman una recomposici\u00f3n por atraso tarifario en relaci\u00f3n a la inflaci\u00f3n y advierten por el desfasaje en el aumento de los costos. Lo cual, para nosotros Institucionalmente, nos opondremos, toda vez que TRANSNEA S.A. no ha realizado ninguna inversi\u00f3n en los \u00faltimos tiempos y la calidad del servicio es altamente irregular. Gialluca record\u00f3 que, el a\u00f1o pasado todos los usuarios en Formosa, sufrimos las consecuencias de los \u201ccolapsos energ\u00e9ticos en la Red de Transnea\u201d, lo que provocaron p\u00e9rdidas de demanda en la regi\u00f3n NEA, afectando a las Provincias de Chaco, Corrientes, Entre R\u00edos y obviamente Formosa. Estos colapsos energ\u00e9ticos fueron denunciados por la Defensor\u00eda del Pueblo, tanto a CAMMESA, como al ENRE y sin embargo, TRANSNEA no ha realizado ninguna inversi\u00f3n, como tampoco lo ha hecho TRANSENER Compa\u00f1\u00eda de Transporte de Energ\u00eda El\u00e9ctrica en Alta Tensi\u00f3n y menos a\u00fan LINSA L\u00edneas del Norte Sociedad An\u00f3nima. Se ha llegado a tal la desidia y la falta de voluntad de las Empresas Transportistas que, \u201cni siquiera cumplen con el deber de limpieza por debajo de sus propias l\u00edneas, lo que, por las altas temperaturas reinantes, se producen incendios que afectan a sus estructuras y dejan sin energ\u00eda el\u00e9ctrica a la Distribuidora REFSA y \u00e9sta a todos los usuarios\u201d. Por otro lado, en nuestra Provincia contin\u00faan con el anacr\u00f3nico sistema de tener \u201cun consigna\u201d esto es, un personal que no se encuentra en sus plantas y por lo tanto, cuando se produce alguna irregularidad o colapso energ\u00e9tico, las Distribuidoras o el Estado Provincial, debe apelar a medidas extraordinarias, cuando hace a\u00f1os que venimos y continuaremos exigiendo que TRANSNEA posea una Oficina con personal propio de atenci\u00f3n en Formosa.<\/p>\n<p>&nbsp;<\/p>\n","protected":false},"excerpt":{"rendered":"<p>Gialluca denunci\u00f3 que, TRANSNEA, TRANSENER, LINSA y otras Empresas Transportistas, son las responsables de que en los meses de diciembre, enero y febrero, se produzcan los \u201cColapsos Energ\u00e9ticos\u201d que dejan sin energ\u00eda el\u00e9ctrica a todos los usuarios residenciales y comerciales, especialmente entre las 14:00 a 18:00 horas, por lo que ellos denominan, \u201cEfecto Aire Acondicionado\u201d, [&hellip;]<\/p>\n","protected":false},"author":1,"featured_media":13862,"comment_status":"closed","ping_status":"closed","sticky":false,"template":"","format":"standard","meta":{"footnotes":""},"categories":[3],"tags":[],"class_list":["post-13861","post","type-post","status-publish","format-standard","has-post-thumbnail","hentry","category-defensa-de-los-derechos-del-usuario-consumidor-contribuyentes"],"_links":{"self":[{"href":"https:\/\/defensoriaformosa.gob.ar\/index.php?rest_route=\/wp\/v2\/posts\/13861","targetHints":{"allow":["GET"]}}],"collection":[{"href":"https:\/\/defensoriaformosa.gob.ar\/index.php?rest_route=\/wp\/v2\/posts"}],"about":[{"href":"https:\/\/defensoriaformosa.gob.ar\/index.php?rest_route=\/wp\/v2\/types\/post"}],"author":[{"embeddable":true,"href":"https:\/\/defensoriaformosa.gob.ar\/index.php?rest_route=\/wp\/v2\/users\/1"}],"replies":[{"embeddable":true,"href":"https:\/\/defensoriaformosa.gob.ar\/index.php?rest_route=%2Fwp%2Fv2%2Fcomments&post=13861"}],"version-history":[{"count":1,"href":"https:\/\/defensoriaformosa.gob.ar\/index.php?rest_route=\/wp\/v2\/posts\/13861\/revisions"}],"predecessor-version":[{"id":13863,"href":"https:\/\/defensoriaformosa.gob.ar\/index.php?rest_route=\/wp\/v2\/posts\/13861\/revisions\/13863"}],"wp:featuredmedia":[{"embeddable":true,"href":"https:\/\/defensoriaformosa.gob.ar\/index.php?rest_route=\/wp\/v2\/media\/13862"}],"wp:attachment":[{"href":"https:\/\/defensoriaformosa.gob.ar\/index.php?rest_route=%2Fwp%2Fv2%2Fmedia&parent=13861"}],"wp:term":[{"taxonomy":"category","embeddable":true,"href":"https:\/\/defensoriaformosa.gob.ar\/index.php?rest_route=%2Fwp%2Fv2%2Fcategories&post=13861"},{"taxonomy":"post_tag","embeddable":true,"href":"https:\/\/defensoriaformosa.gob.ar\/index.php?rest_route=%2Fwp%2Fv2%2Ftags&post=13861"}],"curies":[{"name":"wp","href":"https:\/\/api.w.org\/{rel}","templated":true}]}}