{"id":13831,"date":"2022-11-18T10:59:13","date_gmt":"2022-11-18T13:59:13","guid":{"rendered":"https:\/\/defensoriaformosa.gob.ar\/?p=13831"},"modified":"2022-11-19T11:01:25","modified_gmt":"2022-11-19T14:01:25","slug":"por-las-altas-temperaturas-y-para-no-perder-los-subsidios-nacionales-se-sugirio-un-uso-razonable-de-los-electrodomesticos","status":"publish","type":"post","link":"https:\/\/defensoriaformosa.gob.ar\/?p=13831","title":{"rendered":"POR LAS ALTAS TEMPERATURAS Y PARA NO PERDER LOS SUBSIDIOS NACIONALES SE SUGIRIO UN USO RAZONABLE DE LOS ELECTRODOMESTICOS"},"content":{"rendered":"<p>Gialluca, se\u00f1al\u00f3 que, debemos seguir inscribi\u00e9ndonos en la Segmentaci\u00f3n Tarifaria, para evitar ser colocados en el Nivel 1, donde los usuarios pagar\u00e1n una tarifa plena. Por otra parte, record\u00f3 que, por las gestiones de los Gobernadores del Norte Grande, el tope de consumo subsidiado por la Secretaria de Energ\u00eda de Naci\u00f3n, es de 650 kwh por mes durante el periodo que va de noviembre de 2022 a febrero de 2023. El fundamento radica en las asimetr\u00edas entre el AMBA que concentra el 40% de los subsidios energ\u00e9ticos, mientras que el Norte Grande participa de un 18%. Esta distorsi\u00f3n resulta injusta e insoportable para nuestros usuarios-<\/p>\n<p><!--more--><\/p>\n<p>El Defensor del Pueblo de la Provincia de Formosa, Dr. Jos\u00e9 Leonardo Gialluca, se\u00f1al\u00f3 que, con las actuales temperaturas propias del verano, se producen fuertes cambias de h\u00e1bitos en el consumo de la energ\u00eda el\u00e9ctrica a trav\u00e9s de las instalaciones en el hogar y en el uso de diversos electrodom\u00e9sticos. En este sentido, ponder\u00f3 que la Secretaria de Energ\u00eda mediante la Resoluci\u00f3n N\u00ba 719\/22 y a pedido de los Gobernadores del Norte Grande, especialmente por Formosa a trav\u00e9s del Dr. Gildo Insfr\u00e1n, se pudo obtener un incremento a los topes de consumo subsidiados en los meses de verano de noviembre de 2022 a febrero de 2023 de 650 kwh, corrigi\u00e9ndose as\u00ed, una de las tantas asimetr\u00edas que padecen los consumidores y usuarios del Norte Grande. A esto se le suma en nuestra provincia que, mediante el Decreto N\u00ba 339\/22, el monto asignado al Programa \u201cSubsidio Provincial Esfuerzo Formose\u00f1o\u201d fue elevado a 65 millones de pesos mensuales, con lo cual, se subsidiar\u00e1 la tarifa el\u00e9ctrica a m\u00e1s de 65 mil familias formose\u00f1as de escasos recursos. Es aqu\u00ed donde continuamos solicitando que los usuarios se inscriban en la \u201cSegmentaci\u00f3n Tarifaria\u201d, para no perder los subsidios nacionales y a su vez, que la distribuidora no se vea obligada a colocarlos en el Nivel 1, donde \u201cpagar\u00e1n una tarifa plena\u201d. En este mismo sentido, es necesario \u201chacer un uso razonable de la energ\u00eda el\u00e9ctrica para mantenerse dentro de los topes fijados por la segmentaci\u00f3n que, en el caso de Formosa en los meses de mayor consumo, asciende a 650 kwh y por ello se debe tener en cuenta que el aire acondicionado, la heladera, las l\u00e1mparas, el lavarropas, el horno el\u00e9ctrico, el televisor y la plancha, son electrodom\u00e9sticos de alto consumo\u201d. En consecuencia, recomendamos para bajar el consumo de energ\u00eda en el uso del aire acondicionado: Si es un split o uno \u00abtipo ventana\u00bb abrir la tapa de adentro y limpiar el filtro que seguramente est\u00e1 con tierra y tapado. Tambi\u00e9n limpiar las rejillas para que el equipo funcione correctamente. Adem\u00e1s, debe estar reseteado de acuerdo a la temperatura clim\u00e1tica de ese momento, 24 \u00b0C en verano. Que est\u00e9 prendido solo cuando haya gente y que la habitaci\u00f3n se encuentre lo m\u00e1s cerrada posible para que no entre calor del exterior. Heladera: Debe estar separada de la pared y hay que limpiar la rejilla de atr\u00e1s. El punto fundamental es que cierre bien, ya que sino se pierde fr\u00edo y provoca que trabaje m\u00e1s tiempo. Tampoco hay que cargarla mucho. Las heladeras con freezer de m\u00e1s de cinco a\u00f1os de vida gastan 120 kW\/h por bimestre aproximadamente. L\u00e1mparas: Es recomendable usar las l\u00e1mparas led. Todas aquellas que son de tipo hal\u00f3genas tambi\u00e9n deber\u00edan ser cambiadas por leds. Dispenser: Desconectarlo y pasar a calentar el agua en la pava com\u00fan, no el\u00e9ctrica. A su vez, se puede tener agua en la heladera. Si se desea usar el dispenser hay que colocar un timer para que lo corte durante la madrugada. Horno el\u00e9ctrico: tratar de usar el horno a gas. Televisor: solo usarlo cuando se est\u00e1 mirando. Todos los equipos con motores deber\u00edan tener tecnolog\u00eda inverter que regulan el funcionamiento de los compresores. Si se cumplen con las recomendaciones del aire acondicionado y la heladera, el consumo pasar\u00eda a estar dentro de los 650 kW\/h y ser\u00e1 posible mantenerse en el l\u00edmite establecido.<\/p>\n","protected":false},"excerpt":{"rendered":"<p>Gialluca, se\u00f1al\u00f3 que, debemos seguir inscribi\u00e9ndonos en la Segmentaci\u00f3n Tarifaria, para evitar ser colocados en el Nivel 1, donde los usuarios pagar\u00e1n una tarifa plena. Por otra parte, record\u00f3 que, por las gestiones de los Gobernadores del Norte Grande, el tope de consumo subsidiado por la Secretaria de Energ\u00eda de Naci\u00f3n, es de 650 kwh [&hellip;]<\/p>\n","protected":false},"author":1,"featured_media":13832,"comment_status":"closed","ping_status":"closed","sticky":false,"template":"","format":"standard","meta":{"footnotes":""},"categories":[3],"tags":[],"class_list":["post-13831","post","type-post","status-publish","format-standard","has-post-thumbnail","hentry","category-defensa-de-los-derechos-del-usuario-consumidor-contribuyentes"],"_links":{"self":[{"href":"https:\/\/defensoriaformosa.gob.ar\/index.php?rest_route=\/wp\/v2\/posts\/13831","targetHints":{"allow":["GET"]}}],"collection":[{"href":"https:\/\/defensoriaformosa.gob.ar\/index.php?rest_route=\/wp\/v2\/posts"}],"about":[{"href":"https:\/\/defensoriaformosa.gob.ar\/index.php?rest_route=\/wp\/v2\/types\/post"}],"author":[{"embeddable":true,"href":"https:\/\/defensoriaformosa.gob.ar\/index.php?rest_route=\/wp\/v2\/users\/1"}],"replies":[{"embeddable":true,"href":"https:\/\/defensoriaformosa.gob.ar\/index.php?rest_route=%2Fwp%2Fv2%2Fcomments&post=13831"}],"version-history":[{"count":1,"href":"https:\/\/defensoriaformosa.gob.ar\/index.php?rest_route=\/wp\/v2\/posts\/13831\/revisions"}],"predecessor-version":[{"id":13833,"href":"https:\/\/defensoriaformosa.gob.ar\/index.php?rest_route=\/wp\/v2\/posts\/13831\/revisions\/13833"}],"wp:featuredmedia":[{"embeddable":true,"href":"https:\/\/defensoriaformosa.gob.ar\/index.php?rest_route=\/wp\/v2\/media\/13832"}],"wp:attachment":[{"href":"https:\/\/defensoriaformosa.gob.ar\/index.php?rest_route=%2Fwp%2Fv2%2Fmedia&parent=13831"}],"wp:term":[{"taxonomy":"category","embeddable":true,"href":"https:\/\/defensoriaformosa.gob.ar\/index.php?rest_route=%2Fwp%2Fv2%2Fcategories&post=13831"},{"taxonomy":"post_tag","embeddable":true,"href":"https:\/\/defensoriaformosa.gob.ar\/index.php?rest_route=%2Fwp%2Fv2%2Ftags&post=13831"}],"curies":[{"name":"wp","href":"https:\/\/api.w.org\/{rel}","templated":true}]}}