{"id":13828,"date":"2022-11-17T10:57:07","date_gmt":"2022-11-17T13:57:07","guid":{"rendered":"https:\/\/defensoriaformosa.gob.ar\/?p=13828"},"modified":"2022-11-19T10:57:26","modified_gmt":"2022-11-19T13:57:26","slug":"denuncio-la-defensoria-que-el-precio-de-los-servicios-publicos-de-celulares-internet-y-tv-por-cable-con-un-121-duplico-el-ipc-de-63","status":"publish","type":"post","link":"https:\/\/defensoriaformosa.gob.ar\/?p=13828","title":{"rendered":"DENUNCIO LA DEFENSORIA QUE EL PRECIO DE LOS SERVICIOS PUBLICOS DE CELULARES, INTERNET Y TV POR CABLE CON UN 12,1% DUPLICO EL IPC DE 6,3%"},"content":{"rendered":"<p>Gialluca afirm\u00f3 que, el rubro que registr\u00f3 una mayor alza en el mes de octubre fue el de Comunicaciones (12,1%) a partir de la suba en los servicios p\u00fablicos de telefon\u00eda e internet, mientras que en segundo lugar aparece el segmento que incluye Vivienda, agua, electricidad, gas y otros combustibles (7,5%) debido a los fuertes incrementos aplicados desde que se puso en marcha la segmentaci\u00f3n tarifaria. La lista de rubros que se ubicaron por encima de la inflaci\u00f3n general, la completan Restaurante y Hoteles (7,4%), Salud (7,1%), Educaci\u00f3n (7,1%) y la categor\u00eda Prendas de vestir y calzado (6,8%). Apenas por debajo del 6,3% del IPC aparece el rubro de Alimentos y bebidas no alcoh\u00f3licas (6,2%). Cabe destacar que la indumentaria es el \u00fanico rubro que super\u00f3 los tres d\u00edgitos en lo que va del a\u00f1o, de hecho, si tomamos como referencia los aumentos durante los \u00faltimos 12 meses, la categor\u00eda que contempla Prendas de vestir y calzado vio reflejado un impacto del 121,5%, muy por encima de la inflaci\u00f3n interanual que a esta altura alcanza el 88,0%-<\/p>\n<p><!--more--><\/p>\n<p>El Defensor del Pueblo de la Provincia de Formosa, Dr. Jos\u00e9 Leonardo Gialluca, denunci\u00f3 que, en febrero de este a\u00f1o, la C.S.J.N. convalid\u00f3 una estafa millonaria del Grupo Clar\u00edn a la ANSES al dejar firme un fallo judicial que le impide al Estado Nacional controlar la fusi\u00f3n de Cablevisi\u00f3n y Telecom. Se trata de una causa donde desde el 2018, evita hacer la Oferta P\u00fablica de Acciones (OPA) obligatoria en casos de fusi\u00f3n. La ANSES tiene participaci\u00f3n accionaria en Telecom y Cablevisi\u00f3n. Cuando se fusionaron, en 2018, ofrecieron pagarle 110 pesos la acci\u00f3n cuando ya val\u00edan $145. Por entonces, implic\u00f3 una diferencia de precios de $8.400 millones. La Comisi\u00f3n Nacional de Valores (CNV) objet\u00f3 la maniobra, pero Clar\u00edn consigui\u00f3 dos cosas: que le adecuaran la legislaci\u00f3n que obligaba a hacer la -OPA- a medida y una seria de medidas cautelares para que el Estado Nacional no pudiera intervenir. Posteriormente, el Grupo Clar\u00edn obtuvo 2 nuevos fallos que lo favorecieron y le permitieron mantener sus tarifas de celulares, cable e internet fuera de los l\u00edmites que fija el Estado. Estos antecedentes desembocan indiscutiblemente en el aumento de tarifas de comunicaci\u00f3n del 12,1%; el doble del \u00cdndice de Precios al Consumidor que fue del 6,3%. Se constituy\u00f3 as\u00ed, una pr\u00e1ctica pol\u00edtica entre medios concentrados y Poder Judicial con tres pasos: Primero, el ingreso a la C.S.J.N. de jueces que defienden intereses de los medios privados. En segundo lugar, ese tribunal avala la presentaci\u00f3n de cautelares que le permiten a las empresas seguir aumentando tarifas en el medio de la pandemia y actualmente con una alta inflaci\u00f3n econ\u00f3mica, que erosiona la capacidad de pago de todos los usuarios. Esos mismos medios concentrados hacen un uso abusivo de esos fallos, invisibilizando su relaci\u00f3n con las tarifas, y poniendo el acento en que el rubro que m\u00e1s traccion\u00f3 la inflaci\u00f3n fue \u201cropa y calzados\u201d o que la causa de la inflaci\u00f3n es el d\u00e9ficit fiscal y el gasto p\u00fablico.<\/p>\n<p>&nbsp;<\/p>\n","protected":false},"excerpt":{"rendered":"<p>Gialluca afirm\u00f3 que, el rubro que registr\u00f3 una mayor alza en el mes de octubre fue el de Comunicaciones (12,1%) a partir de la suba en los servicios p\u00fablicos de telefon\u00eda e internet, mientras que en segundo lugar aparece el segmento que incluye Vivienda, agua, electricidad, gas y otros combustibles (7,5%) debido a los fuertes [&hellip;]<\/p>\n","protected":false},"author":1,"featured_media":13829,"comment_status":"closed","ping_status":"closed","sticky":false,"template":"","format":"standard","meta":{"footnotes":""},"categories":[3],"tags":[],"class_list":["post-13828","post","type-post","status-publish","format-standard","has-post-thumbnail","hentry","category-defensa-de-los-derechos-del-usuario-consumidor-contribuyentes"],"_links":{"self":[{"href":"https:\/\/defensoriaformosa.gob.ar\/index.php?rest_route=\/wp\/v2\/posts\/13828","targetHints":{"allow":["GET"]}}],"collection":[{"href":"https:\/\/defensoriaformosa.gob.ar\/index.php?rest_route=\/wp\/v2\/posts"}],"about":[{"href":"https:\/\/defensoriaformosa.gob.ar\/index.php?rest_route=\/wp\/v2\/types\/post"}],"author":[{"embeddable":true,"href":"https:\/\/defensoriaformosa.gob.ar\/index.php?rest_route=\/wp\/v2\/users\/1"}],"replies":[{"embeddable":true,"href":"https:\/\/defensoriaformosa.gob.ar\/index.php?rest_route=%2Fwp%2Fv2%2Fcomments&post=13828"}],"version-history":[{"count":1,"href":"https:\/\/defensoriaformosa.gob.ar\/index.php?rest_route=\/wp\/v2\/posts\/13828\/revisions"}],"predecessor-version":[{"id":13830,"href":"https:\/\/defensoriaformosa.gob.ar\/index.php?rest_route=\/wp\/v2\/posts\/13828\/revisions\/13830"}],"wp:featuredmedia":[{"embeddable":true,"href":"https:\/\/defensoriaformosa.gob.ar\/index.php?rest_route=\/wp\/v2\/media\/13829"}],"wp:attachment":[{"href":"https:\/\/defensoriaformosa.gob.ar\/index.php?rest_route=%2Fwp%2Fv2%2Fmedia&parent=13828"}],"wp:term":[{"taxonomy":"category","embeddable":true,"href":"https:\/\/defensoriaformosa.gob.ar\/index.php?rest_route=%2Fwp%2Fv2%2Fcategories&post=13828"},{"taxonomy":"post_tag","embeddable":true,"href":"https:\/\/defensoriaformosa.gob.ar\/index.php?rest_route=%2Fwp%2Fv2%2Ftags&post=13828"}],"curies":[{"name":"wp","href":"https:\/\/api.w.org\/{rel}","templated":true}]}}