{"id":13800,"date":"2022-11-09T12:39:32","date_gmt":"2022-11-09T15:39:32","guid":{"rendered":"https:\/\/defensoriaformosa.gob.ar\/?p=13800"},"modified":"2022-11-10T12:40:48","modified_gmt":"2022-11-10T15:40:48","slug":"la-defensoria-del-pueblo-pidio-la-intervencion-de-la-justicia-federal-por-los-diversos-cortes-en-la-ruta-nacional-no-81","status":"publish","type":"post","link":"https:\/\/defensoriaformosa.gob.ar\/?p=13800","title":{"rendered":"LA DEFENSORIA DEL PUEBLO PIDIO LA INTERVENCION DE LA JUSTICIA FEDERAL POR LOS DIVERSOS CORTES EN LA RUTA NACIONAL N\u00ba 81"},"content":{"rendered":"<p>-Gialluca aclar\u00f3 que, no vamos a criminalizar las \u201cprotestas sociales\u201d y estamos desde el Estado Provincial, atendiendo diariamente las permanentes demandas de todas las Comunidades Originarias. Expresando que no seremos c\u00f3mplices, ni de quienes han cometido delitos penales y menos a\u00fan de aquellos que en el corte de Bartolom\u00e9 de las Casas, utilizan un camino alternativo de aproximadamente 6 km por dentro la Comunidad, \u201cdejando circular veh\u00edculos livianos y camionetas, previo pago de la suma de 5 mil pesos, delito tipificado por el art. 172 del CPA-<\/p>\n<p><!--more--><br \/>\nEl Defensor del Pueblo de la Provincia de Formosa, Dr. Jos\u00e9 Leonardo Gialluca, \u201crecepcion\u00f3 el pedido de un grupo de ciudadanos, entre los que se encuentran comerciantes, docentes, trabajadores de la salud, choferes de trafics, transportes de media y larga distancia, que no pueden transitar libremente por la Ruta Nacional N\u00ba 81, toda vez que unos 15 integrantes de la Colonia Francisco Javier Mu\u00f1iz, ubicada a 5 Km al este de la ciudad de Las Lomitas, realizan dos (2) cortes de ruta distantes a 300 metros uno del otro; a lo que se le suman otros dos (2) cortes de ruta en la Localidad de Bartolom\u00e9 de las Casas, uno liderado por Gustavo Rivero y el otro por Ariel Pichilo\u201d. En uno (1) de los cortes de Colonia Mu\u00f1iz, se solicita la liberaci\u00f3n de un ciudadano que se encuentra involucrado en la causa caratulada: \u201cOsvaldo Vicente y Luna Segundo Antonio S\/ Abuso Sexual con Acceso Carnal\u201d Expte. Nro. 2979\/22 del Juzgado de Instrucci\u00f3n y Correccional de Las Lomitas con intervenci\u00f3n de la Fiscal\u00eda N\u00ba 1 a cargo del Dr. Dar\u00edo Gon y la Dra. Mar\u00eda Isabel Almaraz, siendo v\u00edctima de este hecho, una menor de 13 a\u00f1os de edad. Los Funcionarios Judiciales se constituyeron en el corte y explicaron a los manifestantes que existe todo un procedimiento que se debe respetar y donde mediante C\u00e1mara Gesell, la menor v\u00edctima de este aberrante hecho, pronunciar\u00e1 los hechos por los cuales se encuentran detenidos los autores imputados. En el segundo (2) corte de ruta, solicitan asesoramiento sobre el IFE 5 del ANSES, donde su Titular Gustavo L\u00f3pez Pe\u00f1a, pidi\u00f3 que se acercaran a las oficinas que trabajan con normalidad en Las Lomitas y en cuanto a la refacci\u00f3n de algunas viviendas, el Intendente Atilio Basualdo, concret\u00f3 las gestiones correspondientes. No obstante, lo cual, los manifestantes persisten en continuar cortando la ruta hasta que se libere al detenido, hecho este que, desde el Organismo de la Constituci\u00f3n, se les aclar\u00f3 no podemos interferir, toda vez que se encuentra en tr\u00e1mite una causa judicial, donde la Defensora Oficial actuar\u00e1 dentro del marco legal. En relaci\u00f3n al corte concretado en el km 1.347 y que lidera Gustavo Rivero, tanto el Titular del IPS Hugo Arr\u00faa, del ICA Esteban Ramirez y del IPV Marcelo Ugelli, \u201cexpresaron que no exist\u00eda ning\u00fan inconveniente en volver a recibirlos, m\u00e1s all\u00e1 que, hace menos de una semana, la Lic. Lidia Gim\u00e9nez, Directora de Seguridad Social del IPS, respondi\u00f3 cada una de sus consultas\u201d. En el otro corte que se produce en el km 1.350, los manifestantes peticionan la entrega de un veh\u00edculo para la Comunidad, la construcci\u00f3n de un polideportivo, la apertura de una Avenida pavimentada, creaci\u00f3n de un Instituto terciario y otras demandas, todas las cuales, han sido atendidas y se les ha solicitado, \u201cpoder reunirse con los diferentes titulares de las \u00e1reas antes nombradas, existiendo una cerrada negativa por parte del Se\u00f1or Ariel Pichilo a dialogar con las Autoridades Constituidas\u201d.<\/p>\n","protected":false},"excerpt":{"rendered":"<p>-Gialluca aclar\u00f3 que, no vamos a criminalizar las \u201cprotestas sociales\u201d y estamos desde el Estado Provincial, atendiendo diariamente las permanentes demandas de todas las Comunidades Originarias. Expresando que no seremos c\u00f3mplices, ni de quienes han cometido delitos penales y menos a\u00fan de aquellos que en el corte de Bartolom\u00e9 de las Casas, utilizan un camino [&hellip;]<\/p>\n","protected":false},"author":1,"featured_media":13801,"comment_status":"closed","ping_status":"closed","sticky":false,"template":"","format":"standard","meta":{"footnotes":""},"categories":[3],"tags":[],"class_list":["post-13800","post","type-post","status-publish","format-standard","has-post-thumbnail","hentry","category-defensa-de-los-derechos-del-usuario-consumidor-contribuyentes"],"_links":{"self":[{"href":"https:\/\/defensoriaformosa.gob.ar\/index.php?rest_route=\/wp\/v2\/posts\/13800","targetHints":{"allow":["GET"]}}],"collection":[{"href":"https:\/\/defensoriaformosa.gob.ar\/index.php?rest_route=\/wp\/v2\/posts"}],"about":[{"href":"https:\/\/defensoriaformosa.gob.ar\/index.php?rest_route=\/wp\/v2\/types\/post"}],"author":[{"embeddable":true,"href":"https:\/\/defensoriaformosa.gob.ar\/index.php?rest_route=\/wp\/v2\/users\/1"}],"replies":[{"embeddable":true,"href":"https:\/\/defensoriaformosa.gob.ar\/index.php?rest_route=%2Fwp%2Fv2%2Fcomments&post=13800"}],"version-history":[{"count":1,"href":"https:\/\/defensoriaformosa.gob.ar\/index.php?rest_route=\/wp\/v2\/posts\/13800\/revisions"}],"predecessor-version":[{"id":13802,"href":"https:\/\/defensoriaformosa.gob.ar\/index.php?rest_route=\/wp\/v2\/posts\/13800\/revisions\/13802"}],"wp:featuredmedia":[{"embeddable":true,"href":"https:\/\/defensoriaformosa.gob.ar\/index.php?rest_route=\/wp\/v2\/media\/13801"}],"wp:attachment":[{"href":"https:\/\/defensoriaformosa.gob.ar\/index.php?rest_route=%2Fwp%2Fv2%2Fmedia&parent=13800"}],"wp:term":[{"taxonomy":"category","embeddable":true,"href":"https:\/\/defensoriaformosa.gob.ar\/index.php?rest_route=%2Fwp%2Fv2%2Fcategories&post=13800"},{"taxonomy":"post_tag","embeddable":true,"href":"https:\/\/defensoriaformosa.gob.ar\/index.php?rest_route=%2Fwp%2Fv2%2Ftags&post=13800"}],"curies":[{"name":"wp","href":"https:\/\/api.w.org\/{rel}","templated":true}]}}