{"id":13790,"date":"2022-11-06T10:04:23","date_gmt":"2022-11-06T13:04:23","guid":{"rendered":"https:\/\/defensoriaformosa.gob.ar\/?p=13790"},"modified":"2022-11-06T10:04:23","modified_gmt":"2022-11-06T13:04:23","slug":"se-esperan-mas-subas-en-los-precios-luego-del-aumento-de-los-combustibles","status":"publish","type":"post","link":"https:\/\/defensoriaformosa.gob.ar\/?p=13790","title":{"rendered":"SE ESPERAN MAS SUBAS EN LOS PRECIOS, LUEGO DEL AUMENTO DE LOS COMBUSTIBLES"},"content":{"rendered":"<p>-Gialluca, se\u00f1al\u00f3 que la gran concentraci\u00f3n econ\u00f3mica en nuestro pa\u00eds y la falta de transparencia en la cadena de comercializaci\u00f3n, inciden directamente en la formaci\u00f3n de los precios de los alimentos y adem\u00e1s influyen en los m\u00e1rgenes de ganancias de los diferentes eslabones de la cadena productiva-<\/p>\n<p><!--more--><br \/>\nDesde la Defensor\u00eda del Pueblo de la Provincia de Formosa, se concret\u00f3 un relevamiento, ante la proximidad de las fiestas de fin de a\u00f1o y luego del quinto aumento de combustibles, con lo cual \u201clos supermercadistas y almacenes de barrio prev\u00e9n nuevas remarcaciones en los precios de los alimentos y de los productos de higiene personal\u201d. Los comerciantes detallaron que el stock adquirido durante el mes pasado, result\u00f3 importante para mantener los precios en g\u00f3ndolas, pero al mismo tiempo advirtieron que no garantizan que no se producir\u00e1n mayores remarcaciones. Los productos de higiene personal y perfumer\u00eda, donde la log\u00edstica, tiene costos diferentes del transporte de alimentos, son los que aumentaron sus valores. Al igual que todos los productos de limpieza, lleg\u00e1ndose a tener incrementos por encima del 46%, seg\u00fan los comercios de la ciudad. El Ombudsman Provincial Dr. Jos\u00e9 Leonardo Gialluca, resalt\u00f3 la postura del Gobernador Gildo Insfr\u00e1n, junto a sus pares del Norte Grande, que exigen al Gobierno Nacional la urgente implementaci\u00f3n de \u201cun control sobre los sobreprecios de los alimentos que aplican unilateralmente las empresas\u201d. Gialluca, denunci\u00f3, que una de las causantes de la inflaci\u00f3n es la concentraci\u00f3n econ\u00f3mica. Los mercados de cada producto se encuentran entre solo 18 empresas, las alimenticias que concentran m\u00e1s del 70 % del mercado y eso les permite, elevar los precios por la falta de competencia. Resalt\u00f3 en este contexto, el Programa \u201cSoberan\u00eda Alimentaria\u201d que permite a los consumidores comprarles directamente a los productores, sin qu\u00e9 halla intermediarios, pero se debe utilizar otras herramientas contra las alimentarias, y en esto la CNDC tiene la obligaci\u00f3n de sancionarlas. Agreg\u00f3 Gialluca, que el Gobierno Nacional, debe lograr los consensos para prorrogar la Ley de Emergencia Alimentaria Nacional, que se reglament\u00f3 el 29 de abril del 2020 y dura hasta el 31 de diciembre del 2022. Esa pr\u00f3rroga, deber\u00e1 estar acompa\u00f1ada de pol\u00edticas p\u00fablicas \u201cque democraticen la producci\u00f3n de alimentos y garanticen el acceso a las g\u00f3ndolas\u201d. Todos los consumidores observamos, como las empresas monop\u00f3licas, ocupan el 95 % de las g\u00f3ndolas y hasta cambian de etiquetas y nombres a los productos para continuar manteniendo mayores ganancias; \u201cson las mismas que ahora incumplen la ley de g\u00f3ndolas, la de etiquetado frontal, precios cuidados , y adem\u00e1s se victimizan diciendo que los persiguen, cuando lo \u00fanico que pretendemos es que tengan una ganancia razonable y no abusiva como pretenden seguir facturando a costa del bolsillo de los consumidores\u201d.<\/p>\n<p>&nbsp;<\/p>\n","protected":false},"excerpt":{"rendered":"<p>-Gialluca, se\u00f1al\u00f3 que la gran concentraci\u00f3n econ\u00f3mica en nuestro pa\u00eds y la falta de transparencia en la cadena de comercializaci\u00f3n, inciden directamente en la formaci\u00f3n de los precios de los alimentos y adem\u00e1s influyen en los m\u00e1rgenes de ganancias de los diferentes eslabones de la cadena productiva-<\/p>\n","protected":false},"author":1,"featured_media":13792,"comment_status":"closed","ping_status":"closed","sticky":false,"template":"","format":"standard","meta":{"footnotes":""},"categories":[3],"tags":[],"class_list":["post-13790","post","type-post","status-publish","format-standard","has-post-thumbnail","hentry","category-defensa-de-los-derechos-del-usuario-consumidor-contribuyentes"],"_links":{"self":[{"href":"https:\/\/defensoriaformosa.gob.ar\/index.php?rest_route=\/wp\/v2\/posts\/13790","targetHints":{"allow":["GET"]}}],"collection":[{"href":"https:\/\/defensoriaformosa.gob.ar\/index.php?rest_route=\/wp\/v2\/posts"}],"about":[{"href":"https:\/\/defensoriaformosa.gob.ar\/index.php?rest_route=\/wp\/v2\/types\/post"}],"author":[{"embeddable":true,"href":"https:\/\/defensoriaformosa.gob.ar\/index.php?rest_route=\/wp\/v2\/users\/1"}],"replies":[{"embeddable":true,"href":"https:\/\/defensoriaformosa.gob.ar\/index.php?rest_route=%2Fwp%2Fv2%2Fcomments&post=13790"}],"version-history":[{"count":1,"href":"https:\/\/defensoriaformosa.gob.ar\/index.php?rest_route=\/wp\/v2\/posts\/13790\/revisions"}],"predecessor-version":[{"id":13793,"href":"https:\/\/defensoriaformosa.gob.ar\/index.php?rest_route=\/wp\/v2\/posts\/13790\/revisions\/13793"}],"wp:featuredmedia":[{"embeddable":true,"href":"https:\/\/defensoriaformosa.gob.ar\/index.php?rest_route=\/wp\/v2\/media\/13792"}],"wp:attachment":[{"href":"https:\/\/defensoriaformosa.gob.ar\/index.php?rest_route=%2Fwp%2Fv2%2Fmedia&parent=13790"}],"wp:term":[{"taxonomy":"category","embeddable":true,"href":"https:\/\/defensoriaformosa.gob.ar\/index.php?rest_route=%2Fwp%2Fv2%2Fcategories&post=13790"},{"taxonomy":"post_tag","embeddable":true,"href":"https:\/\/defensoriaformosa.gob.ar\/index.php?rest_route=%2Fwp%2Fv2%2Ftags&post=13790"}],"curies":[{"name":"wp","href":"https:\/\/api.w.org\/{rel}","templated":true}]}}