{"id":13769,"date":"2022-10-28T17:25:20","date_gmt":"2022-10-28T20:25:20","guid":{"rendered":"https:\/\/defensoriaformosa.gob.ar\/?p=13769"},"modified":"2022-10-28T17:25:20","modified_gmt":"2022-10-28T20:25:20","slug":"aprobado-el-nuevo-cuadro-tarifario-los-usuarios-no-sufriran-incrementos-en-las-facturas-de-energia-electrica-en-lo-que-resta-del-ano-2022","status":"publish","type":"post","link":"https:\/\/defensoriaformosa.gob.ar\/?p=13769","title":{"rendered":"APROBADO EL NUEVO CUADRO TARIFARIO LOS USUARIOS NO SUFRIRAN INCREMENTOS EN LAS FACTURAS DE ENERGIA ELECTRICA EN LO QUE RESTA DEL A\u00d1O 2022"},"content":{"rendered":"<p>-No obstante, lo cual, Gialluca, aclar\u00f3 que, debemos tener siempre presente los mayores consumos que venimos realizando en cada hogar y que continuar\u00e1n en los pr\u00f3ximos meses, producto de las altas temperaturas y la necesidad de refrigerarse-<\/p>\n<p><!--more--><br \/>\nEl Defensor del Pueblo de la Provincia de Formosa, Dr. Jos\u00e9 Leonardo Gialluca, al ser consultado sobre el impacto que producir\u00e1 en la econom\u00eda de los usuarios residenciales el nuevo cuadro tarifario aprobado a trav\u00e9s de la Resoluci\u00f3n N\u00ba 2.049\/22 por el EROSP y publicado en el Bolet\u00edn Oficial correspondiente al periodo comprendido entre el 1 de septiembre de 2022 y el 30 de noviembre de 2022, \u201cse\u00f1al\u00f3 que debemos llevar tranquilidad a las familias formose\u00f1as, en el sentido de informarles que no existir\u00e1 aumento en las facturas que emita Refsa hasta fines del presente a\u00f1o\u201d. El Funcionario Provincial, se\u00f1al\u00f3 que reci\u00e9n en el primer bimestre del 2023, los usuarios podr\u00e1n observar algunas modificaciones en las facturas de energ\u00eda el\u00e9ctrica, \u201cpero a\u00f1adi\u00f3 que, se debe tener muy en cuenta, los consumos de cada hogar, pues con las altas temperaturas, se utilizan m\u00e1s los splits, aires acondicionados, ventiladores, heladeras, freezers, etc., que impactan posteriormente en lo que debemos pagarle a la distribuidora\u201d. Gialluca dem\u00e1s record\u00f3 que, por una disposici\u00f3n del Gobierno Nacional, los usuarios de 11 provincias tendr\u00e1n mayor energ\u00eda subsidiada y por ello es que, en las pr\u00f3ximas horas, la Secretar\u00eda de Energ\u00eda a cargo de Flavia Roy\u00f3n, emitir\u00e1 una Resoluci\u00f3n que aumenta el cupo de consumo de energ\u00eda con subsidios en once provincias del pa\u00eds. As\u00ed, los usuarios de electricidad podr\u00e1n consumir m\u00e1s energ\u00eda a partir de noviembre y conservar los subsidios nacionales. Esta medida pretende aliviar a las zonas del pa\u00eds que sufren alt\u00edsimas temperaturas en verano. Se trata de un compromiso que el Ministro de Econom\u00eda, Sergio Massa, ratific\u00f3 ante los Gobernadores del Norte Grande en Santiago del Estero. El tope de consumo para las zonas c\u00e1lidas del pa\u00eds que incluyen a las provincias de Formosa, Chaco, Corrientes, Jujuy, Salta, Tucum\u00e1n, Catamarca, Santiago del Estero, Misiones, La Rioja y San Juan se calcular\u00e1 en dos per\u00edodos. Entre abril y septiembre del 2023 meses de fr\u00edo, el l\u00edmite para sostener el subsidio para todos los tipos de usuarios subir\u00e1 de 400 a 500 kilovatios\/hora. Mientras que entre noviembre del 2022 y marzo del a\u00f1o pr\u00f3ximo meses de calor, el tope pasar\u00e1 a ser de 750 kW\/h. El Ombudsman Provincial, destac\u00f3 el trabajo mancomunado y los resultados alcanzados por los Gobernadores del Norte Grande y especialmente del Gobernador Gildo Insfr\u00e1n, toda vez que, no se pueden dejar de mencionar las incorporaciones en el Presupuesto Nacional 2023 de una Tarifa Energ\u00e9tica Diferenciada para nuestra zona, una asignaci\u00f3n de 85 mil millones como piso para corregir las asimetr\u00edas de nuestra regi\u00f3n con la zona central del pa\u00eds destinados al transporte p\u00fablico, el Programa de Financiamiento Internacional a 15 a\u00f1os para el corredor bioce\u00e1nico y hasta el nuevo Plan de Pagos de 96 cuotas para cancelar las deudas energ\u00e9ticas con CAMMESA, debiendo en este punto, resaltarse que la Distribuidora REFSA S.A. de nuestra Provincia, se encuentra al d\u00eda en este sentido y que las dos deudoras m\u00e1s grandes son EDENOR y EDESUR, que entre las dos se llevan el 42% de la deuda, debiendo 180 mil millones de pesos.<\/p>\n<p>&nbsp;<\/p>\n","protected":false},"excerpt":{"rendered":"<p>-No obstante, lo cual, Gialluca, aclar\u00f3 que, debemos tener siempre presente los mayores consumos que venimos realizando en cada hogar y que continuar\u00e1n en los pr\u00f3ximos meses, producto de las altas temperaturas y la necesidad de refrigerarse-<\/p>\n","protected":false},"author":1,"featured_media":13770,"comment_status":"closed","ping_status":"closed","sticky":false,"template":"","format":"standard","meta":{"footnotes":""},"categories":[3],"tags":[],"class_list":["post-13769","post","type-post","status-publish","format-standard","has-post-thumbnail","hentry","category-defensa-de-los-derechos-del-usuario-consumidor-contribuyentes"],"_links":{"self":[{"href":"https:\/\/defensoriaformosa.gob.ar\/index.php?rest_route=\/wp\/v2\/posts\/13769","targetHints":{"allow":["GET"]}}],"collection":[{"href":"https:\/\/defensoriaformosa.gob.ar\/index.php?rest_route=\/wp\/v2\/posts"}],"about":[{"href":"https:\/\/defensoriaformosa.gob.ar\/index.php?rest_route=\/wp\/v2\/types\/post"}],"author":[{"embeddable":true,"href":"https:\/\/defensoriaformosa.gob.ar\/index.php?rest_route=\/wp\/v2\/users\/1"}],"replies":[{"embeddable":true,"href":"https:\/\/defensoriaformosa.gob.ar\/index.php?rest_route=%2Fwp%2Fv2%2Fcomments&post=13769"}],"version-history":[{"count":1,"href":"https:\/\/defensoriaformosa.gob.ar\/index.php?rest_route=\/wp\/v2\/posts\/13769\/revisions"}],"predecessor-version":[{"id":13771,"href":"https:\/\/defensoriaformosa.gob.ar\/index.php?rest_route=\/wp\/v2\/posts\/13769\/revisions\/13771"}],"wp:featuredmedia":[{"embeddable":true,"href":"https:\/\/defensoriaformosa.gob.ar\/index.php?rest_route=\/wp\/v2\/media\/13770"}],"wp:attachment":[{"href":"https:\/\/defensoriaformosa.gob.ar\/index.php?rest_route=%2Fwp%2Fv2%2Fmedia&parent=13769"}],"wp:term":[{"taxonomy":"category","embeddable":true,"href":"https:\/\/defensoriaformosa.gob.ar\/index.php?rest_route=%2Fwp%2Fv2%2Fcategories&post=13769"},{"taxonomy":"post_tag","embeddable":true,"href":"https:\/\/defensoriaformosa.gob.ar\/index.php?rest_route=%2Fwp%2Fv2%2Ftags&post=13769"}],"curies":[{"name":"wp","href":"https:\/\/api.w.org\/{rel}","templated":true}]}}