{"id":13765,"date":"2022-10-27T17:51:02","date_gmt":"2022-10-27T20:51:02","guid":{"rendered":"https:\/\/defensoriaformosa.gob.ar\/?p=13765"},"modified":"2022-10-27T17:51:02","modified_gmt":"2022-10-27T20:51:02","slug":"se-concreto-una-reunion-de-trabajo-con-productores-agrupados-en-el-frente-nacional-campesino","status":"publish","type":"post","link":"https:\/\/defensoriaformosa.gob.ar\/?p=13765","title":{"rendered":"SE CONCRETO UNA REUNION DE TRABAJO CON PRODUCTORES AGRUPADOS EN EL FRENTE NACIONAL CAMPESINO"},"content":{"rendered":"<p>Se llev\u00f3 a cabo una -Reuni\u00f3n de Trabajo- en la Sede de la Defensor\u00eda del Pueblo con los integrantes de la -Organizaci\u00f3n de Campesinos del Bermejo y Teuquito- y la -Asociaci\u00f3n Campesina Mart\u00edn Miguel de G\u00fcemes-, ambas del Frente Nacional Campesino y del Movimiento Campesino Formose\u00f1o (MOCAFOR), que preside Benigno L\u00f3pez, quienes fueron recibidos por el Ombudsman Provincial Dr. Jos\u00e9 Leonardo Gialluca, su Defensora Adjunta Sylvina Portillo y el Delegado de la Defensor\u00eda del Pueblo de la Naci\u00f3n, Dr. Julio N\u00e9stor Santander, donde presentaron un escrito, expresando las dificultades que atraviesan, producto de la prolongada sequ\u00eda que sufre el Oeste Formose\u00f1o y toda nuestra Provincia.<\/p>\n<p><!--more--><\/p>\n<p>Posteriormente, solicitaron la intermediaci\u00f3n del Organismo de la Constituci\u00f3n Provincial, de modo tal que, el Ministerio de Producci\u00f3n y Ambiente, los auxilie en desbarrar las represas de los mismos, las cuales se encuentran secas, poder concretar perforaciones para las cuales demandan los ca\u00f1os necesarios, adem\u00e1s del mantenimiento de las Rutas Provinciales y Caminos Vecinales de varios Parajes de los Departamentos Ram\u00f3n Lista y Matacos, como as\u00ed tambi\u00e9n, se les proporcione pasturas o forraje para los caprinos, ovejas, cerdos que son los animales que poseen la mayor\u00eda de las familias, pues, en lo que respecta a la ganader\u00eda, cada una de ellas tienen un n\u00famero limitado o escaso de estas \u00faltimas, salvo casos excepcionales. Gialluca record\u00f3 que, desde la asunci\u00f3n del Ministro de Econom\u00eda Sergio Massa, el Ministerio de Agricultura, Ganader\u00eda y Pesca de la Naci\u00f3n, se convirti\u00f3 en una Secretar\u00eda a cargo de Mat\u00edas Federico Te\u00f3filo Lestani, a quien le peticionaremos la informaci\u00f3n necesaria sobre el desarrollo y situaci\u00f3n actual del -Plan de Acceso al Agua para la Agricultura Familiar Campesina e Ind\u00edgena-, toda vez que, es necesario ante la falta de lluvias que las cisternas construidas por el INTA, sean abastecidas de agua entre otras medidas. El Funcionario, destac\u00f3 que actualmente desde el Estado Provincial y desde los Municipios, \u201cse viene trabajando diariamente con camiones cisternas para trasladar el agua desde Ingeniero Ju\u00e1rez hacia los diversos Parajes y Comunidades tanto Criollas, como Originarias, pero sin las lluvias necesarias, se han construido reservorios, los cuales est\u00e1n secos y hasta se ha arado una zona de la costa del R\u00edo Bermejo en una extensi\u00f3n de unas 80 hect\u00e1reas, donde en la actualidad, est\u00e1n sembrando casi un centenar de familias de peque\u00f1os productores\u201d, por lo que, expres\u00f3 que ante esta grav\u00edsima sequ\u00eda, estos \u00e1mbitos de di\u00e1logos y consenso, van a permitir agilizar y encontrar respuestas para todos.<\/p>\n<p>&nbsp;<\/p>\n","protected":false},"excerpt":{"rendered":"<p>Se llev\u00f3 a cabo una -Reuni\u00f3n de Trabajo- en la Sede de la Defensor\u00eda del Pueblo con los integrantes de la -Organizaci\u00f3n de Campesinos del Bermejo y Teuquito- y la -Asociaci\u00f3n Campesina Mart\u00edn Miguel de G\u00fcemes-, ambas del Frente Nacional Campesino y del Movimiento Campesino Formose\u00f1o (MOCAFOR), que preside Benigno L\u00f3pez, quienes fueron recibidos por [&hellip;]<\/p>\n","protected":false},"author":1,"featured_media":13766,"comment_status":"closed","ping_status":"closed","sticky":false,"template":"","format":"standard","meta":{"footnotes":""},"categories":[3],"tags":[],"class_list":["post-13765","post","type-post","status-publish","format-standard","has-post-thumbnail","hentry","category-defensa-de-los-derechos-del-usuario-consumidor-contribuyentes"],"_links":{"self":[{"href":"https:\/\/defensoriaformosa.gob.ar\/index.php?rest_route=\/wp\/v2\/posts\/13765","targetHints":{"allow":["GET"]}}],"collection":[{"href":"https:\/\/defensoriaformosa.gob.ar\/index.php?rest_route=\/wp\/v2\/posts"}],"about":[{"href":"https:\/\/defensoriaformosa.gob.ar\/index.php?rest_route=\/wp\/v2\/types\/post"}],"author":[{"embeddable":true,"href":"https:\/\/defensoriaformosa.gob.ar\/index.php?rest_route=\/wp\/v2\/users\/1"}],"replies":[{"embeddable":true,"href":"https:\/\/defensoriaformosa.gob.ar\/index.php?rest_route=%2Fwp%2Fv2%2Fcomments&post=13765"}],"version-history":[{"count":1,"href":"https:\/\/defensoriaformosa.gob.ar\/index.php?rest_route=\/wp\/v2\/posts\/13765\/revisions"}],"predecessor-version":[{"id":13767,"href":"https:\/\/defensoriaformosa.gob.ar\/index.php?rest_route=\/wp\/v2\/posts\/13765\/revisions\/13767"}],"wp:featuredmedia":[{"embeddable":true,"href":"https:\/\/defensoriaformosa.gob.ar\/index.php?rest_route=\/wp\/v2\/media\/13766"}],"wp:attachment":[{"href":"https:\/\/defensoriaformosa.gob.ar\/index.php?rest_route=%2Fwp%2Fv2%2Fmedia&parent=13765"}],"wp:term":[{"taxonomy":"category","embeddable":true,"href":"https:\/\/defensoriaformosa.gob.ar\/index.php?rest_route=%2Fwp%2Fv2%2Fcategories&post=13765"},{"taxonomy":"post_tag","embeddable":true,"href":"https:\/\/defensoriaformosa.gob.ar\/index.php?rest_route=%2Fwp%2Fv2%2Ftags&post=13765"}],"curies":[{"name":"wp","href":"https:\/\/api.w.org\/{rel}","templated":true}]}}