{"id":13753,"date":"2022-10-25T18:51:15","date_gmt":"2022-10-25T21:51:15","guid":{"rendered":"https:\/\/defensoriaformosa.gob.ar\/?p=13753"},"modified":"2022-10-25T18:51:30","modified_gmt":"2022-10-25T21:51:30","slug":"se-liberaron-las-rutas-nacionales-no-81-y-86","status":"publish","type":"post","link":"https:\/\/defensoriaformosa.gob.ar\/?p=13753","title":{"rendered":"SE LIBERARON LAS RUTAS NACIONALES N\u00ba 81 Y 86"},"content":{"rendered":"<p><strong>Gialluca se\u00f1al\u00f3 que, no se produjo ning\u00fan corte a la altura de la Colonia Originaria Mu\u00f1iz en cercan\u00edas a Las Lomitas, lo que fue corroborado por el Jefe de Escuadr\u00f3n 18 Comandante Principal Juan Carlos Carrizo-<\/strong><\/p>\n<p><!--more--><\/p>\n<p>Desde la Defensor\u00eda del Pueblo de la Provincia de Formosa, se inform\u00f3 la liberaci\u00f3n de la Ruta Nacional N\u00ba 81 a la altura de Bartolom\u00e9 de las Casas y adem\u00e1s de la Ruta Nacional N\u00ba 86 a la altura de la Comunidad de Loro Cue Departamento Pilagas, confirmando tambi\u00e9n mediante la informaci\u00f3n proporcionada por el Jefe de Escuadr\u00f3n 18 Lomitas Comandante Principal Juan Carlos Carrizo, \u201cque no se produjo ning\u00fan corte a la altura de Colonia Mu\u00f1iz como algunos medios hab\u00edan publicado en el d\u00eda de ayer err\u00f3neamente\u201d. Las diversas acciones fueron coordinadas tanto por el Titular del ICA Esteban Ramirez y del IPS Hugo Arr\u00faa, quienes con el Ombudsman Provincial Dr. Jos\u00e9 Leonardo Gialluca, fueron creando los espacios de di\u00e1logos para que los manifestantes tuvieran sus respuestas en cuanto a las demandas habitacionales y de tr\u00e1mites para la obtenci\u00f3n de pensiones y otros beneficios sociales. En este sentido, Gialluca dej\u00f3 nuevamente en claro que el Programa de Autoconstrucci\u00f3n de Viviendas, ha sido sustituido por otro, en el cual, los interesados deben cumplir con una serie de requisitos para posteriormente presentar las documentaciones correspondientes ante el IPV. Esto surge de lo ya detallado por la Directora de Investigaci\u00f3n Social Lic. Mar\u00eda Laura Granada, quien detall\u00f3 que, para la selecci\u00f3n de los beneficiarios de viviendas abor\u00edgenes, se tendr\u00e1n en cuenta los siguientes requisitos: * Constituir un grupo familiar. * Ocupar efectiva y permanentemente el terreno. * Poseer una vivienda de construcci\u00f3n precaria. * No poseer otra vivienda FONAVI o particular y en cuanto a la documentaci\u00f3n necesaria: * Fotocopia del DNI del titular y concubina\/o esposa\/o. * Fotocopia de Partidas de Nacimiento de los hijos. * Constancia de CUIL del titular y concubina\/o esposa\/o. * Fotocopia de Acta matrimonio o informaci\u00f3n sumaria de concubinato. * Recibos de sueldos o certificados de ingresos de los que trabajen. Asimismo, abund\u00f3 en que para el otorgamiento de pensiones y otros beneficios se deben cumplir requisitos formales que est\u00e1n establecidos en las normativas vigentes y por esto al existir pedidos que no alcanzan a cubrir m\u00ednimamente los antes citados, son rechazados por los Organismos Nacionales y Provinciales Competentes. Por \u00faltimo, se dej\u00f3 en claro, \u201cque nunca vamos a Criminalizar las Protestas Sociales en nuestra Provincia\u201d, pero tambi\u00e9n es cierto que no existen, \u201cderechos absolutos y que una vez visibilizada la demanda social cualquiera fuera la misma, se interviene inmediatamente\u201d, por lo que, cuando observamos que estas medidas de fuerza que impiden el libre tr\u00e1nsito por varios d\u00edas o prolongadas horas, \u201chace que ingresemos en el terreno de los delitos previstos en el CPA y obviamente en un abuso originado por los reclamantes, que no contemplan precisamente el derecho a transitar libremente que poseen los que necesitan o deseen desplazarse por nuestras rutas nacionales o provinciales\u201d.<\/p>\n<p>&nbsp;<\/p>\n","protected":false},"excerpt":{"rendered":"<p>Gialluca se\u00f1al\u00f3 que, no se produjo ning\u00fan corte a la altura de la Colonia Originaria Mu\u00f1iz en cercan\u00edas a Las Lomitas, lo que fue corroborado por el Jefe de Escuadr\u00f3n 18 Comandante Principal Juan Carlos Carrizo-<\/p>\n","protected":false},"author":1,"featured_media":13754,"comment_status":"closed","ping_status":"closed","sticky":false,"template":"","format":"standard","meta":{"footnotes":""},"categories":[3],"tags":[],"class_list":["post-13753","post","type-post","status-publish","format-standard","has-post-thumbnail","hentry","category-defensa-de-los-derechos-del-usuario-consumidor-contribuyentes"],"_links":{"self":[{"href":"https:\/\/defensoriaformosa.gob.ar\/index.php?rest_route=\/wp\/v2\/posts\/13753","targetHints":{"allow":["GET"]}}],"collection":[{"href":"https:\/\/defensoriaformosa.gob.ar\/index.php?rest_route=\/wp\/v2\/posts"}],"about":[{"href":"https:\/\/defensoriaformosa.gob.ar\/index.php?rest_route=\/wp\/v2\/types\/post"}],"author":[{"embeddable":true,"href":"https:\/\/defensoriaformosa.gob.ar\/index.php?rest_route=\/wp\/v2\/users\/1"}],"replies":[{"embeddable":true,"href":"https:\/\/defensoriaformosa.gob.ar\/index.php?rest_route=%2Fwp%2Fv2%2Fcomments&post=13753"}],"version-history":[{"count":2,"href":"https:\/\/defensoriaformosa.gob.ar\/index.php?rest_route=\/wp\/v2\/posts\/13753\/revisions"}],"predecessor-version":[{"id":13756,"href":"https:\/\/defensoriaformosa.gob.ar\/index.php?rest_route=\/wp\/v2\/posts\/13753\/revisions\/13756"}],"wp:featuredmedia":[{"embeddable":true,"href":"https:\/\/defensoriaformosa.gob.ar\/index.php?rest_route=\/wp\/v2\/media\/13754"}],"wp:attachment":[{"href":"https:\/\/defensoriaformosa.gob.ar\/index.php?rest_route=%2Fwp%2Fv2%2Fmedia&parent=13753"}],"wp:term":[{"taxonomy":"category","embeddable":true,"href":"https:\/\/defensoriaformosa.gob.ar\/index.php?rest_route=%2Fwp%2Fv2%2Fcategories&post=13753"},{"taxonomy":"post_tag","embeddable":true,"href":"https:\/\/defensoriaformosa.gob.ar\/index.php?rest_route=%2Fwp%2Fv2%2Ftags&post=13753"}],"curies":[{"name":"wp","href":"https:\/\/api.w.org\/{rel}","templated":true}]}}