{"id":13750,"date":"2022-10-24T18:56:51","date_gmt":"2022-10-24T21:56:51","guid":{"rendered":"https:\/\/defensoriaformosa.gob.ar\/?p=13750"},"modified":"2022-10-24T18:56:51","modified_gmt":"2022-10-24T21:56:51","slug":"se-levanto-el-paro-de-transporte-y-manana-habra-colectivos-en-toda-la-ciudad","status":"publish","type":"post","link":"https:\/\/defensoriaformosa.gob.ar\/?p=13750","title":{"rendered":"SE LEVANTO EL PARO DE TRANSPORTE Y MA\u00d1ANA HABRA COLECTIVOS EN TODA LA CIUDAD"},"content":{"rendered":"<p>En la Sede de la Defensor\u00eda del Pueblo de la Provincia de Formosa, se llev\u00f3 a cabo una -Reuni\u00f3n Informativa-, de la cual participaron el Gerente General de Crucero del Sur Agrupaci\u00f3n C\u00e9sar Aguirre, el Delegado de UTA Diego Mendoza, por la Comisi\u00f3n Directiva de UTA Busto Humberto, Subsecretario de Transporte de la Municipalidad Dr. Jos\u00e9 Olmedo, la Direcci\u00f3n de Transporte de la Provincia representada por la Dra. Vargas Noma, quienes fueron recibidos por el Ombudsman Provincial Dr. Jos\u00e9 Leonardo Gialluca, la Defensora Adjunta Sylvina Portillo y las Asesoras Legales Lourdes Delgadillo y Ornella Barraza.<\/p>\n<p><!--more--><\/p>\n<p>En la misma, el Delegado de UTA en Formosa se\u00f1al\u00f3 que, luego de una -Reuni\u00f3n Conciliatoria- en el Ministerio de Econom\u00eda de Naci\u00f3n, entre la Uni\u00f3n Tranviarios Automotor (UTA) y las C\u00e1maras Empresarias del sector nucleadas en la Federaci\u00f3n Argentina de Transportadores por Automotor de Pasajeros (FATAP) se decidi\u00f3 levantar el paro de transporte en el interior del pa\u00eds. De dicha reuni\u00f3n participaron el ministro de Econom\u00eda, Sergio Massa y el de Transporte, Alexis Guerrera. De esta manera, Roberto Fern\u00e1ndez que lidera la conducci\u00f3n nacional de UTA, \u201cse\u00f1al\u00f3 que se alcanz\u00f3 un principio de acuerdo salarial para los trabajadores del interior del pa\u00eds que ser\u00e1 firmado en la Sede del Ministerio de Trabajo de la Naci\u00f3n; determin\u00e1ndose como base salarial a partir de octubre $165 mil, noviembre $180 mil y diciembre $200 mil para el conductor inicial del interior y proporcional para el resto de las categor\u00edas. Aumento proporcional de vi\u00e1ticos que llegar\u00e1n en diciembre a $141 por cada d\u00eda de trabajo y $3 mil por cada a\u00f1o de antig\u00fcedad. Asimismo, se determin\u00f3 una asignaci\u00f3n de $40 mil en concepto de bono y un adelanto de $20 mil para el mes de enero del a\u00f1o 2023\u201d. A propuesta del Ombudsman Provincial, todas las partes acordaron insistir con un requerimiento conjunto, tanto al Ministro de Econom\u00eda Sergio Massa, como al de Transporte Alexis Guerrera, \u201ca fin de que se profundicen las medidas por parte del Gobierno Nacional en el sentido de una distribuci\u00f3n totalmente equitativa de los subsidios para el transporte p\u00fablico de pasajeros, en el entendimiento de que no existen usuarios ni trabajadores de primera y segunda clase, toda vez que, en CABA y AMBA las tarifas son mucho m\u00e1s baratas que en el resto del pa\u00eds y lo mismo sucede con las compensaciones que reciben los Estados Provinciales\u201d.<\/p>\n<p>&nbsp;<\/p>\n","protected":false},"excerpt":{"rendered":"<p>En la Sede de la Defensor\u00eda del Pueblo de la Provincia de Formosa, se llev\u00f3 a cabo una -Reuni\u00f3n Informativa-, de la cual participaron el Gerente General de Crucero del Sur Agrupaci\u00f3n C\u00e9sar Aguirre, el Delegado de UTA Diego Mendoza, por la Comisi\u00f3n Directiva de UTA Busto Humberto, Subsecretario de Transporte de la Municipalidad Dr. [&hellip;]<\/p>\n","protected":false},"author":1,"featured_media":13751,"comment_status":"closed","ping_status":"closed","sticky":false,"template":"","format":"standard","meta":{"footnotes":""},"categories":[3],"tags":[],"class_list":["post-13750","post","type-post","status-publish","format-standard","has-post-thumbnail","hentry","category-defensa-de-los-derechos-del-usuario-consumidor-contribuyentes"],"_links":{"self":[{"href":"https:\/\/defensoriaformosa.gob.ar\/index.php?rest_route=\/wp\/v2\/posts\/13750","targetHints":{"allow":["GET"]}}],"collection":[{"href":"https:\/\/defensoriaformosa.gob.ar\/index.php?rest_route=\/wp\/v2\/posts"}],"about":[{"href":"https:\/\/defensoriaformosa.gob.ar\/index.php?rest_route=\/wp\/v2\/types\/post"}],"author":[{"embeddable":true,"href":"https:\/\/defensoriaformosa.gob.ar\/index.php?rest_route=\/wp\/v2\/users\/1"}],"replies":[{"embeddable":true,"href":"https:\/\/defensoriaformosa.gob.ar\/index.php?rest_route=%2Fwp%2Fv2%2Fcomments&post=13750"}],"version-history":[{"count":1,"href":"https:\/\/defensoriaformosa.gob.ar\/index.php?rest_route=\/wp\/v2\/posts\/13750\/revisions"}],"predecessor-version":[{"id":13752,"href":"https:\/\/defensoriaformosa.gob.ar\/index.php?rest_route=\/wp\/v2\/posts\/13750\/revisions\/13752"}],"wp:featuredmedia":[{"embeddable":true,"href":"https:\/\/defensoriaformosa.gob.ar\/index.php?rest_route=\/wp\/v2\/media\/13751"}],"wp:attachment":[{"href":"https:\/\/defensoriaformosa.gob.ar\/index.php?rest_route=%2Fwp%2Fv2%2Fmedia&parent=13750"}],"wp:term":[{"taxonomy":"category","embeddable":true,"href":"https:\/\/defensoriaformosa.gob.ar\/index.php?rest_route=%2Fwp%2Fv2%2Fcategories&post=13750"},{"taxonomy":"post_tag","embeddable":true,"href":"https:\/\/defensoriaformosa.gob.ar\/index.php?rest_route=%2Fwp%2Fv2%2Ftags&post=13750"}],"curies":[{"name":"wp","href":"https:\/\/api.w.org\/{rel}","templated":true}]}}