{"id":13747,"date":"2022-10-24T16:47:09","date_gmt":"2022-10-24T19:47:09","guid":{"rendered":"https:\/\/defensoriaformosa.gob.ar\/?p=13747"},"modified":"2022-10-24T16:47:09","modified_gmt":"2022-10-24T19:47:09","slug":"suben-a-750-kwh-el-tope-de-consumo-entre-los-meses-de-octubre-y-marzo-a-fin-de-que-los-usuarios-residenciales-no-pierdan-los-subsidios","status":"publish","type":"post","link":"https:\/\/defensoriaformosa.gob.ar\/?p=13747","title":{"rendered":"SUBEN A 750 KWH EL TOPE DE CONSUMO ENTRE LOS MESES DE OCTUBRE Y MARZO A FIN DE QUE LOS USUARIOS RESIDENCIALES NO PIERDAN LOS SUBSIDIOS"},"content":{"rendered":"<p>El Defensor del Pueblo de la Provincia de Formosa, Dr. Jos\u00e9 Leonardo Gialluca, inform\u00f3 que la universalidad de los usuarios residenciales de las Provincias del NEA y NOA se ver\u00e1n beneficiados con el aumento del tope de consumo el\u00e9ctrico subsidiado, entre los meses de mayor calor y mayor consumo, esto es octubre y marzo, toda vez que esta medida fue incluida en el Proyecto de Presupuesto Nacional 2023 que tiene despacho favorable y ser\u00e1 votado el martes 25 de octubre.<\/p>\n<p><!--more--><\/p>\n<p>Este punto, hab\u00eda sido solicitado por todos los Gobernadores del Norte Grande en la \u00faltima reuni\u00f3n llevada a cabo en la ciudad de Santiago del Estero y de la que particip\u00f3 por Formosa el Dr. Gildo Insfr\u00e1n, de esta manera, todas las Provincias del NEA y NOA tendr\u00e1n una Segmentaci\u00f3n Diferenciada de Subsidios Nacional en la Tarifa Energ\u00e9tica por altas temperaturas. En este mismo sentido, las Defensor\u00edas del Pueblo de Formosa y de Chaco a cargo de Bernardo Voloj, junto a Agust\u00edn Payes por Corrientes, se\u00f1alaron que la Secretaria de Energ\u00eda de Naci\u00f3n emitir\u00e1 una Resoluci\u00f3n incrementando el tope del consumo para las zonas c\u00e1lidas. Se acord\u00f3: subas de 400 a 500 kwh entre abril y septiembre -meses fr\u00edos-, como l\u00edmite de consumo para sostener subsidios nacionales de energ\u00eda para todos los tipos de usuarios. De 500 a 750 kwh entre octubre y marzo -meses de calor- como tope de consumo tambi\u00e9n para mantener los subsidios nacionales al consumo de electricidad para todos los tipos de usuarios. Esta medida, fue acompa\u00f1ada por el actual Ministro de Econom\u00eda Sergio Massa y ha quedado descartado de que se vaya a descontar de la Coparticipaci\u00f3n a las provincias deudoras de Cammesa, todo lo contrario, lo que se busca es que exista una accesibilidad al servicio p\u00fablico esencial de energ\u00eda el\u00e9ctrica, para los usuarios que en estas provincias, por las altas temperaturas, deben hacer un uso intensivo no solamente de splits, ventiladores, heladeras, freezers, etc., para mantenerse refrigerados. Por \u00faltimo, el Ombudsman Provincial, destac\u00f3 que Refsa como distribuidora se encuentra al d\u00eda con Cammesa y si bien esta ampliaci\u00f3n hasta 750 kwh de consumo subsidiado para todos los tipos de usuarios es algo que celebramos, continuaremos trabajando para tener por ley una Tarifa Regional Diferenciada de energ\u00eda el\u00e9ctrica, tal como la tienen las Provincias del Sur con el gas.<\/p>\n<p>&nbsp;<\/p>\n","protected":false},"excerpt":{"rendered":"<p>El Defensor del Pueblo de la Provincia de Formosa, Dr. Jos\u00e9 Leonardo Gialluca, inform\u00f3 que la universalidad de los usuarios residenciales de las Provincias del NEA y NOA se ver\u00e1n beneficiados con el aumento del tope de consumo el\u00e9ctrico subsidiado, entre los meses de mayor calor y mayor consumo, esto es octubre y marzo, toda [&hellip;]<\/p>\n","protected":false},"author":1,"featured_media":13748,"comment_status":"closed","ping_status":"closed","sticky":false,"template":"","format":"standard","meta":{"footnotes":""},"categories":[3],"tags":[],"class_list":["post-13747","post","type-post","status-publish","format-standard","has-post-thumbnail","hentry","category-defensa-de-los-derechos-del-usuario-consumidor-contribuyentes"],"_links":{"self":[{"href":"https:\/\/defensoriaformosa.gob.ar\/index.php?rest_route=\/wp\/v2\/posts\/13747","targetHints":{"allow":["GET"]}}],"collection":[{"href":"https:\/\/defensoriaformosa.gob.ar\/index.php?rest_route=\/wp\/v2\/posts"}],"about":[{"href":"https:\/\/defensoriaformosa.gob.ar\/index.php?rest_route=\/wp\/v2\/types\/post"}],"author":[{"embeddable":true,"href":"https:\/\/defensoriaformosa.gob.ar\/index.php?rest_route=\/wp\/v2\/users\/1"}],"replies":[{"embeddable":true,"href":"https:\/\/defensoriaformosa.gob.ar\/index.php?rest_route=%2Fwp%2Fv2%2Fcomments&post=13747"}],"version-history":[{"count":1,"href":"https:\/\/defensoriaformosa.gob.ar\/index.php?rest_route=\/wp\/v2\/posts\/13747\/revisions"}],"predecessor-version":[{"id":13749,"href":"https:\/\/defensoriaformosa.gob.ar\/index.php?rest_route=\/wp\/v2\/posts\/13747\/revisions\/13749"}],"wp:featuredmedia":[{"embeddable":true,"href":"https:\/\/defensoriaformosa.gob.ar\/index.php?rest_route=\/wp\/v2\/media\/13748"}],"wp:attachment":[{"href":"https:\/\/defensoriaformosa.gob.ar\/index.php?rest_route=%2Fwp%2Fv2%2Fmedia&parent=13747"}],"wp:term":[{"taxonomy":"category","embeddable":true,"href":"https:\/\/defensoriaformosa.gob.ar\/index.php?rest_route=%2Fwp%2Fv2%2Fcategories&post=13747"},{"taxonomy":"post_tag","embeddable":true,"href":"https:\/\/defensoriaformosa.gob.ar\/index.php?rest_route=%2Fwp%2Fv2%2Ftags&post=13747"}],"curies":[{"name":"wp","href":"https:\/\/api.w.org\/{rel}","templated":true}]}}