{"id":13744,"date":"2022-10-23T16:40:34","date_gmt":"2022-10-23T19:40:34","guid":{"rendered":"https:\/\/defensoriaformosa.gob.ar\/?p=13744"},"modified":"2022-10-24T16:43:42","modified_gmt":"2022-10-24T19:43:42","slug":"defensores-del-pueblo-piden-una-mujer-en-la-corte-suprema","status":"publish","type":"post","link":"https:\/\/defensoriaformosa.gob.ar\/?p=13744","title":{"rendered":"DEFENSORES DEL PUEBLO PIDEN UNA MUJER EN LA CORTE SUPREMA"},"content":{"rendered":"<p>Representantes de todo el pa\u00eds reclamaron, a trav\u00e9s de un documento, que la designaci\u00f3n se haga de manera \u00aburgente\u00bb-<\/p>\n<p><!--more--><\/p>\n<p>La Asociaci\u00f3n de Defensores del Pueblo de la Rep\u00fablica Argentina (ADPRA) en su \u00faltimo plenario reunido en la ciudad de Escobar analiz\u00f3 la actual composici\u00f3n de la Corte Suprema de Justicia de la Naci\u00f3n y su situaci\u00f3n de vacancia ante la renuncia de la ministra Dra. Elena Highton el 30 de septiembre de 2021. Desde su alejamiento el 1 de noviembre, el m\u00e1s alto Tribunal ha quedado integrado por cuatro ministros varones. Seg\u00fan lo establecido en el art\u00edculo 99 inciso 4 de la CN y el Decreto 222\/2003, el PEN tiene la facultad de nombrar los jueces de nuestro alto tribunal con acuerdo del Senado Nacional, considerando en la inclusi\u00f3n de los nuevos miembros las diversidades de g\u00e9nero y en un plazo m\u00e1ximo de 30 d\u00edas desde que se produjo la vacante. Hasta el momento, y m\u00e1s all\u00e1 del proyecto con media sanci\u00f3n del Senado nacional para ampliar la composici\u00f3n del Tribunal, el Presidente Alberto Fern\u00e1ndez no formul\u00f3 ninguna propuesta para cubrir el cargo vacante. Los Defensores del Pueblo consideran que \u00abla paridad en la integraci\u00f3n de la Corte es necesaria para garantizar y promover la perspectiva de g\u00e9nero en la Justicia en todos sus niveles\u00bb, por lo cual entienden que \u00abla presencia de juezas mujeres en la Corte Suprema es indispensable para enfrentar los estereotipos de g\u00e9nero que alimentan la discriminaci\u00f3n cotidiana y la exclusi\u00f3n de las mujeres en los espacios de decisi\u00f3n, en todas las escalas. Si sumamos que dichas mujeres se encuentren formadas en derecho con perspectiva de g\u00e9nero, el m\u00e1ximo tribunal garantizar\u00e1 el avance en la defensa de los derechos humanos de las personas\u00bb. En el documento, resaltan que en el proyecto de ampliaci\u00f3n de los miembros de la Corte Suprema con tratamiento en el Congreso se toma en consideraci\u00f3n la paridad, consignan que \u00abcomo Defensores y Defensoras del Pueblo del pa\u00eds reunidos en la Asociaci\u00f3n de Defensores del Pueblo (ADPRA) nos expresarnos en el sentido de que la vacante sea cubierta en forma urgente, ya que el plazo de ley est\u00e1 ampliamente excedido, y que se lo haga con una mujer, de acuerdo a las consideraciones antes vertidas\u00bb.<\/p>\n<p>&nbsp;<\/p>\n","protected":false},"excerpt":{"rendered":"<p>Representantes de todo el pa\u00eds reclamaron, a trav\u00e9s de un documento, que la designaci\u00f3n se haga de manera \u00aburgente\u00bb-<\/p>\n","protected":false},"author":1,"featured_media":13745,"comment_status":"closed","ping_status":"closed","sticky":false,"template":"","format":"standard","meta":{"footnotes":""},"categories":[3],"tags":[],"class_list":["post-13744","post","type-post","status-publish","format-standard","has-post-thumbnail","hentry","category-defensa-de-los-derechos-del-usuario-consumidor-contribuyentes"],"_links":{"self":[{"href":"https:\/\/defensoriaformosa.gob.ar\/index.php?rest_route=\/wp\/v2\/posts\/13744","targetHints":{"allow":["GET"]}}],"collection":[{"href":"https:\/\/defensoriaformosa.gob.ar\/index.php?rest_route=\/wp\/v2\/posts"}],"about":[{"href":"https:\/\/defensoriaformosa.gob.ar\/index.php?rest_route=\/wp\/v2\/types\/post"}],"author":[{"embeddable":true,"href":"https:\/\/defensoriaformosa.gob.ar\/index.php?rest_route=\/wp\/v2\/users\/1"}],"replies":[{"embeddable":true,"href":"https:\/\/defensoriaformosa.gob.ar\/index.php?rest_route=%2Fwp%2Fv2%2Fcomments&post=13744"}],"version-history":[{"count":1,"href":"https:\/\/defensoriaformosa.gob.ar\/index.php?rest_route=\/wp\/v2\/posts\/13744\/revisions"}],"predecessor-version":[{"id":13746,"href":"https:\/\/defensoriaformosa.gob.ar\/index.php?rest_route=\/wp\/v2\/posts\/13744\/revisions\/13746"}],"wp:featuredmedia":[{"embeddable":true,"href":"https:\/\/defensoriaformosa.gob.ar\/index.php?rest_route=\/wp\/v2\/media\/13745"}],"wp:attachment":[{"href":"https:\/\/defensoriaformosa.gob.ar\/index.php?rest_route=%2Fwp%2Fv2%2Fmedia&parent=13744"}],"wp:term":[{"taxonomy":"category","embeddable":true,"href":"https:\/\/defensoriaformosa.gob.ar\/index.php?rest_route=%2Fwp%2Fv2%2Fcategories&post=13744"},{"taxonomy":"post_tag","embeddable":true,"href":"https:\/\/defensoriaformosa.gob.ar\/index.php?rest_route=%2Fwp%2Fv2%2Ftags&post=13744"}],"curies":[{"name":"wp","href":"https:\/\/api.w.org\/{rel}","templated":true}]}}