{"id":13709,"date":"2022-10-14T19:56:09","date_gmt":"2022-10-14T22:56:09","guid":{"rendered":"https:\/\/defensoriaformosa.gob.ar\/?p=13709"},"modified":"2022-10-14T19:56:25","modified_gmt":"2022-10-14T22:56:25","slug":"13709","status":"publish","type":"post","link":"https:\/\/defensoriaformosa.gob.ar\/?p=13709","title":{"rendered":"RECLAMAN MEDIDAS URGENTES PARA DETENER LA SUBA EN LOS PRECIOS DE LOS PRODUCTOS DE LA CANASTA BASICA ALIMENTARIA"},"content":{"rendered":"<p>Gialluca afirm\u00f3 que, el \u201cPrograma Precios Cuidados\u201d no beneficia a los consumidores formose\u00f1os y por ello demandamos la implementaci\u00f3n inmediata de otras medidas econ\u00f3micas excepcionales por un plazo de 6 meses, que hagan posible el acceso a los alimentos indispensables, teniendo en cuenta que las remarcaciones y la inflaci\u00f3n de los mismos, no se detiene y contin\u00faan elev\u00e1ndose todos los d\u00edas, lo que hace que queden fuera del alcance de cualquier asalariado, ya sea p\u00fablico o privado. &#8211;<\/p>\n<p><!--more--><\/p>\n<p>El Defensor del Pueblo de la Provincia de Formosa, Dr. Jos\u00e9 Leonardo Gialluca, reclam\u00f3 formalmente al actual Ministro de Econom\u00eda Sergio Massa, la necesidad de implementar de manera urgente \u201cun acuerdo con las principales empresas fabricantes de alimentos que determine precios fijos de los productos de la Canasta B\u00e1sica Alimentaria por el plazo de 6 meses\u201d. Se podr\u00e1n permitir que el resto de los productos posean alzas mensuales, pero se hace necesario tomar medidas similares a las que se adoptaron durante la pandemia del coronavirus, ya que, hoy \u201cPrecios Cuidados\u201d no les es \u00fatil al bolsillo de los consumidores. En este sentido, lo que estamos pidiendo son \u201canclas inflacionarias exclusivamente para los alimentos de consumo masivo, que beneficiar\u00e1n a los sectores m\u00e1s vulnerables y a los asalariados de la clase media\u201d. Para las Provincias como Formosa, alejada de los grandes centros de producci\u00f3n y con una oferta limitada, los consumidores debemos pagar hasta el triple de lo que enfrentan los consumidores de las principales ciudades del centro del pa\u00eds. Siempre ya sea por los fletes o por los intermediarios o por la especulaci\u00f3n, los productos alimenticios poseen un precio mucho m\u00e1s elevado en nuestro mercado local. Esto ha originado una situaci\u00f3n insostenible y con la actual inflaci\u00f3n totalmente descontrolada, entendemos que el Ministerio de Econom\u00eda debe y tiene que pensar en la gente, m\u00e1xime cuando ya se prev\u00e9 que la inflaci\u00f3n para este a\u00f1o exceder\u00e1 el 100% de acuerdo al \u00faltimo relevamiento del BCRA. Es que las actuales pol\u00edticas o medidas antinflacionarias, no han originado hasta la fecha ning\u00fan beneficio a favor de los consumidores y lo que s\u00ed queda en claro, \u201ces que las empresas alimentarias de la argentina han aumentado sus m\u00e1rgenes de ganancia extraordinariamente\u201d, por esto, frente a una remarcaci\u00f3n incesante de los alimentos, demandamos la implementaci\u00f3n de medidas que permitan a todos, el acceso a los productos que componen la Canasta B\u00e1sica Alimentaria.<\/p>\n","protected":false},"excerpt":{"rendered":"<p>Gialluca afirm\u00f3 que, el \u201cPrograma Precios Cuidados\u201d no beneficia a los consumidores formose\u00f1os y por ello demandamos la implementaci\u00f3n inmediata de otras medidas econ\u00f3micas excepcionales por un plazo de 6 meses, que hagan posible el acceso a los alimentos indispensables, teniendo en cuenta que las remarcaciones y la inflaci\u00f3n de los mismos, no se detiene [&hellip;]<\/p>\n","protected":false},"author":1,"featured_media":13710,"comment_status":"closed","ping_status":"closed","sticky":false,"template":"","format":"standard","meta":{"footnotes":""},"categories":[3],"tags":[],"class_list":["post-13709","post","type-post","status-publish","format-standard","has-post-thumbnail","hentry","category-defensa-de-los-derechos-del-usuario-consumidor-contribuyentes"],"_links":{"self":[{"href":"https:\/\/defensoriaformosa.gob.ar\/index.php?rest_route=\/wp\/v2\/posts\/13709","targetHints":{"allow":["GET"]}}],"collection":[{"href":"https:\/\/defensoriaformosa.gob.ar\/index.php?rest_route=\/wp\/v2\/posts"}],"about":[{"href":"https:\/\/defensoriaformosa.gob.ar\/index.php?rest_route=\/wp\/v2\/types\/post"}],"author":[{"embeddable":true,"href":"https:\/\/defensoriaformosa.gob.ar\/index.php?rest_route=\/wp\/v2\/users\/1"}],"replies":[{"embeddable":true,"href":"https:\/\/defensoriaformosa.gob.ar\/index.php?rest_route=%2Fwp%2Fv2%2Fcomments&post=13709"}],"version-history":[{"count":2,"href":"https:\/\/defensoriaformosa.gob.ar\/index.php?rest_route=\/wp\/v2\/posts\/13709\/revisions"}],"predecessor-version":[{"id":13712,"href":"https:\/\/defensoriaformosa.gob.ar\/index.php?rest_route=\/wp\/v2\/posts\/13709\/revisions\/13712"}],"wp:featuredmedia":[{"embeddable":true,"href":"https:\/\/defensoriaformosa.gob.ar\/index.php?rest_route=\/wp\/v2\/media\/13710"}],"wp:attachment":[{"href":"https:\/\/defensoriaformosa.gob.ar\/index.php?rest_route=%2Fwp%2Fv2%2Fmedia&parent=13709"}],"wp:term":[{"taxonomy":"category","embeddable":true,"href":"https:\/\/defensoriaformosa.gob.ar\/index.php?rest_route=%2Fwp%2Fv2%2Fcategories&post=13709"},{"taxonomy":"post_tag","embeddable":true,"href":"https:\/\/defensoriaformosa.gob.ar\/index.php?rest_route=%2Fwp%2Fv2%2Ftags&post=13709"}],"curies":[{"name":"wp","href":"https:\/\/api.w.org\/{rel}","templated":true}]}}