{"id":13703,"date":"2022-10-12T22:47:21","date_gmt":"2022-10-13T01:47:21","guid":{"rendered":"https:\/\/defensoriaformosa.gob.ar\/?p=13703"},"modified":"2022-10-13T16:49:30","modified_gmt":"2022-10-13T19:49:30","slug":"la-justicia-intimo-a-la-uta-seccional-formosa-a-que-designe-choferes-que-presten-el-servicio-minimo-de-emergencia","status":"publish","type":"post","link":"https:\/\/defensoriaformosa.gob.ar\/?p=13703","title":{"rendered":"LA JUSTICIA INTIMO A LA UTA SECCIONAL FORMOSA A QUE DESIGNE CHOFERES QUE PRESTEN EL SERVICIO MINIMO DE EMERGENCIA"},"content":{"rendered":"<p>Gialluca inform\u00f3 que, la Audiencia de Conciliaci\u00f3n convocada por el Ministerio de Trabajo de la Naci\u00f3n, con el objeto de destrabar el paro de transporte urbano que afecta a m\u00e1s de 9 millones de usuarios de todo el interior del pa\u00eds, fracas\u00f3 rotundamente, no present\u00e1ndose ning\u00fan Representante del Gobierno Nacional-<\/p>\n<p><!--more--><\/p>\n<p>Se notific\u00f3 formalmente a la UTA \u2013 Seccional Formosa a cargo del Delegado Diego Mendoza, la Sentencia N\u00ba 321\/22 dictada en los autos caratulados: \u201cCrucero del Sur Agrupaci\u00f3n C\/ UTA \u2013 Uni\u00f3n Tranviarios Automotor S\/ Medida Autosatisfactiva\u201d Expte. N\u00ba 461, A\u00f1o 2022, en tr\u00e1mite por ante el Juzgado de Primera Instancia en lo Civil y Comercial N\u00ba 4, a cargo por subrogaci\u00f3n del Dr. Ra\u00fal Vicente L\u00f3pez Uriburu, Secretaria a cargo de la Dra. Silvia Noem\u00ed Paniagua y por la cual se Intim\u00f3 a la Entidad Sindical Uni\u00f3n Tranviario Automotor, UTA \u2013 Seccional Formosa, a que en el plazo perentorio de 2 horas de notificado el presente resolutorio, cumpla con la designaci\u00f3n de la n\u00f3mina de los choferes que prestar\u00e1n el Servicio M\u00ednimo de Emergencia durante los d\u00edas en que se lleven a cabo las medidas de fuerza, a los fines de cumplimentar con la prestaci\u00f3n del servicio m\u00ednimo de emergencia previsto por la Ordenanza Municipal N\u00ba 2143\/89 en art. 38 inc. p, bajo apercibimiento de aplicar sanciones conminatorias en caso de incumplimiento a las personas responsable del cumplimiento de la medida. El Ombudsman Provincial, Dr. Jos\u00e9 Leonardo Gialluca, inform\u00f3 tambi\u00e9n que se mantuvieron gestiones con el Gerente General de Crucero del Sur Agrupaci\u00f3n C\u00e9sar Aguirre, el cual detall\u00f3 la participaci\u00f3n en la Audiencia de Conciliaci\u00f3n convocada por el Ministerio de Trabajo de la Naci\u00f3n con el objetivo de destrabar el paro de transporte urbano que afecta a m\u00e1s de 9 millones de usuarios de todo el interior del pa\u00eds. En la misma, Representantes de diversas Provincias, expusieron una vez m\u00e1s la grave crisis del sistema, producto del reparto inequitativo de subsidios por parte del Estado Nacional. Participaron tambi\u00e9n Representantes del Gremio UTA y Empresarios nucleados en la Federaci\u00f3n Argentina de Transportadores por Automotor de Pasajeros (FATAP), no asistiendo nadie por parte del Gobierno Nacional. En consecuencia, se se\u00f1al\u00f3 que, esta era una oportunidad inigualable para poder resolver un conflicto que afecta a millones de usuarios. Parece que les importa nada lo que pasa m\u00e1s all\u00e1 del AMBA, dej\u00e1ndose convocada una pr\u00f3xima reuni\u00f3n por el Ministerio de Trabajo de la Naci\u00f3n para el d\u00eda viernes a las 10 horas.<\/p>\n<p>&nbsp;<\/p>\n","protected":false},"excerpt":{"rendered":"<p>Gialluca inform\u00f3 que, la Audiencia de Conciliaci\u00f3n convocada por el Ministerio de Trabajo de la Naci\u00f3n, con el objeto de destrabar el paro de transporte urbano que afecta a m\u00e1s de 9 millones de usuarios de todo el interior del pa\u00eds, fracas\u00f3 rotundamente, no present\u00e1ndose ning\u00fan Representante del Gobierno Nacional-<\/p>\n","protected":false},"author":1,"featured_media":13704,"comment_status":"closed","ping_status":"closed","sticky":false,"template":"","format":"standard","meta":{"footnotes":""},"categories":[3],"tags":[],"class_list":["post-13703","post","type-post","status-publish","format-standard","has-post-thumbnail","hentry","category-defensa-de-los-derechos-del-usuario-consumidor-contribuyentes"],"_links":{"self":[{"href":"https:\/\/defensoriaformosa.gob.ar\/index.php?rest_route=\/wp\/v2\/posts\/13703","targetHints":{"allow":["GET"]}}],"collection":[{"href":"https:\/\/defensoriaformosa.gob.ar\/index.php?rest_route=\/wp\/v2\/posts"}],"about":[{"href":"https:\/\/defensoriaformosa.gob.ar\/index.php?rest_route=\/wp\/v2\/types\/post"}],"author":[{"embeddable":true,"href":"https:\/\/defensoriaformosa.gob.ar\/index.php?rest_route=\/wp\/v2\/users\/1"}],"replies":[{"embeddable":true,"href":"https:\/\/defensoriaformosa.gob.ar\/index.php?rest_route=%2Fwp%2Fv2%2Fcomments&post=13703"}],"version-history":[{"count":1,"href":"https:\/\/defensoriaformosa.gob.ar\/index.php?rest_route=\/wp\/v2\/posts\/13703\/revisions"}],"predecessor-version":[{"id":13705,"href":"https:\/\/defensoriaformosa.gob.ar\/index.php?rest_route=\/wp\/v2\/posts\/13703\/revisions\/13705"}],"wp:featuredmedia":[{"embeddable":true,"href":"https:\/\/defensoriaformosa.gob.ar\/index.php?rest_route=\/wp\/v2\/media\/13704"}],"wp:attachment":[{"href":"https:\/\/defensoriaformosa.gob.ar\/index.php?rest_route=%2Fwp%2Fv2%2Fmedia&parent=13703"}],"wp:term":[{"taxonomy":"category","embeddable":true,"href":"https:\/\/defensoriaformosa.gob.ar\/index.php?rest_route=%2Fwp%2Fv2%2Fcategories&post=13703"},{"taxonomy":"post_tag","embeddable":true,"href":"https:\/\/defensoriaformosa.gob.ar\/index.php?rest_route=%2Fwp%2Fv2%2Ftags&post=13703"}],"curies":[{"name":"wp","href":"https:\/\/api.w.org\/{rel}","templated":true}]}}