{"id":13700,"date":"2022-10-12T17:33:16","date_gmt":"2022-10-12T20:33:16","guid":{"rendered":"https:\/\/defensoriaformosa.gob.ar\/?p=13700"},"modified":"2022-10-12T17:33:16","modified_gmt":"2022-10-12T20:33:16","slug":"se-libero-totalmente-la-ruta-nacional-no-81-a-la-altura-de-bartolome-de-las-casas","status":"publish","type":"post","link":"https:\/\/defensoriaformosa.gob.ar\/?p=13700","title":{"rendered":"SE LIBERO TOTALMENTE LA RUTA NACIONAL N\u00ba 81 A LA ALTURA DE BARTOLOME DE LAS CASAS"},"content":{"rendered":"<p>Gialluca se\u00f1al\u00f3 que, los manifestantes ser\u00e1n nuevamente recibidos en una Audiencia de Mediaci\u00f3n con la presencia de Funcionarios del IPV y del ICA, para informarlos y asesorarlos debidamente sobre los requisitos que deben cumplimentar las familias para el acceso a las viviendas dentro del -Programa Habitacional para Comunidades Originarias-, toda vez que el Programa de Autoconstrucci\u00f3n de Viviendas ha sido sustituido-<\/p>\n<p><!--more--><br \/>\nEl Defensor del Pueblo de la Provincia de Formosa, Dr. Jos\u00e9 Leonardo Gialluca, inform\u00f3 que el corte de la Ruta Nacional N\u00ba 81 a la altura de Bartolom\u00e9 de las Casas y que ven\u00eda causando inconvenientes tanto a veh\u00edculos livianos, como a transportes de cargas y de pasajeros, fue levantado totalmente a las 16:00 horas. El mismo se produjo por una mala interpretaci\u00f3n de los integrantes de dicha Comunidad, Sres. Hugo Caba\u00f1a, Martin Vega, Dionicio Torres y Ra\u00fal Freyde, \u201ccon quienes volvimos a acordar un espacio de di\u00e1logo para abordar todo lo relacionado a viviendas destinadas a familias originarias\u201d, por lo cual, este viernes 14 de octubre del corriente a\u00f1o, nos reuniremos en otra Audiencia de Mediaci\u00f3n y de la cual tambi\u00e9n participar\u00e1 la Directora de Investigaci\u00f3n Social, Lic. Mar\u00eda Laura Granada, quien se desempe\u00f1a en el Instituto Provincial de la Vivienda (IPV) a cargo del Administrador General, Ing. Antonio Marcelo Ugelli. Gialluca, se comunic\u00f3 con los manifestantes y les reiter\u00f3 nuevamente lo que se hab\u00eda expresado entre las partes en la \u00faltima Audiencia de Mediaci\u00f3n en cuanto a que \u201cel Programa de Autoconstrucci\u00f3n de Viviendas, ha dejado de implementarse por diversos motivos, dando paso en la actualidad a un nuevo Programa Habitacional de Viviendas para Comunidades Originarias, el cual lo lleva adelante el IPV\u201d. En este \u00faltimo, los interesados deben cumplir ciertos requisitos como: * Ser mayores de 18 a\u00f1os, * Conformar un grupo familiar, * Ocupar efectiva y permanentemente el terreno, * Poseer una vivienda de construcci\u00f3n precaria, * No ser beneficiario de otra soluci\u00f3n habitacional por parte del Estado u otros Organismos, * Poseer una parcela dentro del terreno comunitario. El Ombudsman Provincial, adelant\u00f3 que, todas las personas cuyos datos fueron aportados en la \u00faltima Audiencia, ser\u00e1n tenidos en cuenta como demanda, es decir, Registrados como Postulantes de Viviendas en el IPV. \u201cLa confusi\u00f3n entendemos proviene de que hoy en d\u00eda se habla de -M\u00f3dulos Habitacionales-, programa este que se da en distintos barrios de nuestra ciudad y que lleva adelante el Ministerio de la Comunidad, por lo que, aclarado este punto, se procedi\u00f3 a la liberaci\u00f3n total de la Ruta Nacional N\u00ba 81\u201d.<\/p>\n<p>&nbsp;<\/p>\n","protected":false},"excerpt":{"rendered":"<p>Gialluca se\u00f1al\u00f3 que, los manifestantes ser\u00e1n nuevamente recibidos en una Audiencia de Mediaci\u00f3n con la presencia de Funcionarios del IPV y del ICA, para informarlos y asesorarlos debidamente sobre los requisitos que deben cumplimentar las familias para el acceso a las viviendas dentro del -Programa Habitacional para Comunidades Originarias-, toda vez que el Programa de [&hellip;]<\/p>\n","protected":false},"author":1,"featured_media":13701,"comment_status":"closed","ping_status":"closed","sticky":false,"template":"","format":"standard","meta":{"footnotes":""},"categories":[4],"tags":[],"class_list":["post-13700","post","type-post","status-publish","format-standard","has-post-thumbnail","hentry","category-ddhh"],"_links":{"self":[{"href":"https:\/\/defensoriaformosa.gob.ar\/index.php?rest_route=\/wp\/v2\/posts\/13700","targetHints":{"allow":["GET"]}}],"collection":[{"href":"https:\/\/defensoriaformosa.gob.ar\/index.php?rest_route=\/wp\/v2\/posts"}],"about":[{"href":"https:\/\/defensoriaformosa.gob.ar\/index.php?rest_route=\/wp\/v2\/types\/post"}],"author":[{"embeddable":true,"href":"https:\/\/defensoriaformosa.gob.ar\/index.php?rest_route=\/wp\/v2\/users\/1"}],"replies":[{"embeddable":true,"href":"https:\/\/defensoriaformosa.gob.ar\/index.php?rest_route=%2Fwp%2Fv2%2Fcomments&post=13700"}],"version-history":[{"count":1,"href":"https:\/\/defensoriaformosa.gob.ar\/index.php?rest_route=\/wp\/v2\/posts\/13700\/revisions"}],"predecessor-version":[{"id":13702,"href":"https:\/\/defensoriaformosa.gob.ar\/index.php?rest_route=\/wp\/v2\/posts\/13700\/revisions\/13702"}],"wp:featuredmedia":[{"embeddable":true,"href":"https:\/\/defensoriaformosa.gob.ar\/index.php?rest_route=\/wp\/v2\/media\/13701"}],"wp:attachment":[{"href":"https:\/\/defensoriaformosa.gob.ar\/index.php?rest_route=%2Fwp%2Fv2%2Fmedia&parent=13700"}],"wp:term":[{"taxonomy":"category","embeddable":true,"href":"https:\/\/defensoriaformosa.gob.ar\/index.php?rest_route=%2Fwp%2Fv2%2Fcategories&post=13700"},{"taxonomy":"post_tag","embeddable":true,"href":"https:\/\/defensoriaformosa.gob.ar\/index.php?rest_route=%2Fwp%2Fv2%2Ftags&post=13700"}],"curies":[{"name":"wp","href":"https:\/\/api.w.org\/{rel}","templated":true}]}}