{"id":13692,"date":"2022-10-05T10:09:38","date_gmt":"2022-10-05T13:09:38","guid":{"rendered":"https:\/\/defensoriaformosa.gob.ar\/?p=13692"},"modified":"2022-10-07T10:12:34","modified_gmt":"2022-10-07T13:12:34","slug":"reunion-de-trabajo-con-manifestantes-que-se-encuentran-a-la-vera-de-la-ruta-nacional-no-11-a-la-altura-del-puente-blanco","status":"publish","type":"post","link":"https:\/\/defensoriaformosa.gob.ar\/?p=13692","title":{"rendered":"REUNION DE TRABAJO CON MANIFESTANTES QUE SE ENCUENTRAN A LA VERA DE LA RUTA NACIONAL N\u00ba 11 A LA ALTURA DEL PUENTE BLANCO"},"content":{"rendered":"<p>El Defensor del Pueblo de la Provincia de Formosa, Dr. Jos\u00e9 Leonardo Gialluca, tras reiteradas intervenciones del Juzgado Federal N\u00ba 2 a cargo de la Dra. Bel\u00e9n L\u00f3pez Mac\u00e9 y de la Fiscal\u00eda Federal N\u00ba 2, como as\u00ed tambi\u00e9n de las Fuerzas de Gendarmer\u00eda con asiento en Formosa, de su Direcci\u00f3n Nacional y de la Secretar\u00eda de Seguridad de la Naci\u00f3n, se reuni\u00f3 en el d\u00eda de la fecha con las Ciudadanas Emilia Peralta, Karen Cristaldo, Andrea B\u00e1ez y Olga Galeano en representaci\u00f3n de las 18 familias que se encuentran llevando a cabo una medida de fuerza en el sector de banquinas de la Ruta Nacional N\u00ba 11; participando adem\u00e1s, la Defensora Adjunta Sylvina M. Portillo, el Secretario Letrado Jos\u00e9 Porfirio Garc\u00eda, los Asesores Legales Andrea Barrios y Leonardo S\u00e1nchez, compareciendo previamente citados en representaci\u00f3n del Ministerio de la Comunidad, la Coordinadora del \u00c1rea Mejor Calidad de Vida Sra. Ernesta Snerc, el Asesor Letrado Paredes Favio, junto al Dr. Riveros Dar\u00edo y la Sra. Evarista Presentado, en nombre del Ministerio de Gobierno, Justicia, Seguridad y Trabajo de la Provincia de Formosa.<\/p>\n<p><!--more--><\/p>\n<p>En la Audiencia de Conciliaci\u00f3n y Reuni\u00f3n de Trabajo, las reclamantes expresaron, quienes de ellas se encuentran debidamente inscriptas, aquellas que padecen violencia de g\u00e9nero, tambi\u00e9n un joven con c\u00e1ncer que se halla en el acampe, el n\u00famero de hijos que poseen a la fecha, edades de los mismos, falta de reconocimiento por parte de sus progenitores, los lugares donde se encontraban residiendo, siendo uno de ellos un espacio verde ubicado en las calles Fermo Zan\u00edn y v\u00eda F\u00e9rrea del Barrio San Antonio entre otros, proporcionando constancias de inscripci\u00f3n y otras documentales que ser\u00e1n remitidas al Ministerio de la Comunidad oportunamente. Posteriormente al intercambio de datos y elementos que se fueron recopilando por las diferentes \u00e1reas, se acord\u00f3 entre las partes, realizar el correspondiente cruzamiento de datos con las bases que se poseen y en el marco de las normativas vigentes, para encontrar alternativas de soluciones, que ser\u00e1n seguramente diversas, ante la heterogeneidad que posee cada una de las integrantes del grupo y con el objetivo de reunirse nuevamente, en el menor tiempo material posible y as\u00ed encausar este reclamo habitacional, que permitir\u00e1 llevar una soluci\u00f3n a todos los vecinos que viven en el denominado Circuito Cinco y otras barriadas del norte de la ciudad, quienes necesitan transitar diariamente por la zona sin ninguna interrupci\u00f3n parcial o total, lo que es demandado tambi\u00e9n por empresas de transporte y veh\u00edculos diversos que requieren trabajar y brindar servicios sin condicionamiento alguno.<\/p>\n","protected":false},"excerpt":{"rendered":"<p>El Defensor del Pueblo de la Provincia de Formosa, Dr. Jos\u00e9 Leonardo Gialluca, tras reiteradas intervenciones del Juzgado Federal N\u00ba 2 a cargo de la Dra. Bel\u00e9n L\u00f3pez Mac\u00e9 y de la Fiscal\u00eda Federal N\u00ba 2, como as\u00ed tambi\u00e9n de las Fuerzas de Gendarmer\u00eda con asiento en Formosa, de su Direcci\u00f3n Nacional y de la [&hellip;]<\/p>\n","protected":false},"author":1,"featured_media":13693,"comment_status":"closed","ping_status":"closed","sticky":false,"template":"","format":"standard","meta":{"footnotes":""},"categories":[3],"tags":[],"class_list":["post-13692","post","type-post","status-publish","format-standard","has-post-thumbnail","hentry","category-defensa-de-los-derechos-del-usuario-consumidor-contribuyentes"],"_links":{"self":[{"href":"https:\/\/defensoriaformosa.gob.ar\/index.php?rest_route=\/wp\/v2\/posts\/13692","targetHints":{"allow":["GET"]}}],"collection":[{"href":"https:\/\/defensoriaformosa.gob.ar\/index.php?rest_route=\/wp\/v2\/posts"}],"about":[{"href":"https:\/\/defensoriaformosa.gob.ar\/index.php?rest_route=\/wp\/v2\/types\/post"}],"author":[{"embeddable":true,"href":"https:\/\/defensoriaformosa.gob.ar\/index.php?rest_route=\/wp\/v2\/users\/1"}],"replies":[{"embeddable":true,"href":"https:\/\/defensoriaformosa.gob.ar\/index.php?rest_route=%2Fwp%2Fv2%2Fcomments&post=13692"}],"version-history":[{"count":1,"href":"https:\/\/defensoriaformosa.gob.ar\/index.php?rest_route=\/wp\/v2\/posts\/13692\/revisions"}],"predecessor-version":[{"id":13694,"href":"https:\/\/defensoriaformosa.gob.ar\/index.php?rest_route=\/wp\/v2\/posts\/13692\/revisions\/13694"}],"wp:featuredmedia":[{"embeddable":true,"href":"https:\/\/defensoriaformosa.gob.ar\/index.php?rest_route=\/wp\/v2\/media\/13693"}],"wp:attachment":[{"href":"https:\/\/defensoriaformosa.gob.ar\/index.php?rest_route=%2Fwp%2Fv2%2Fmedia&parent=13692"}],"wp:term":[{"taxonomy":"category","embeddable":true,"href":"https:\/\/defensoriaformosa.gob.ar\/index.php?rest_route=%2Fwp%2Fv2%2Fcategories&post=13692"},{"taxonomy":"post_tag","embeddable":true,"href":"https:\/\/defensoriaformosa.gob.ar\/index.php?rest_route=%2Fwp%2Fv2%2Ftags&post=13692"}],"curies":[{"name":"wp","href":"https:\/\/api.w.org\/{rel}","templated":true}]}}