{"id":13654,"date":"2022-09-22T16:58:42","date_gmt":"2022-09-22T19:58:42","guid":{"rendered":"https:\/\/defensoriaformosa.gob.ar\/?p=13654"},"modified":"2022-09-22T16:58:42","modified_gmt":"2022-09-22T19:58:42","slug":"constato-la-defensoria-reapertura-de-taller-de-revision-tecnica-obligatoria-en-la-ciudad-de-formosa","status":"publish","type":"post","link":"https:\/\/defensoriaformosa.gob.ar\/?p=13654","title":{"rendered":"CONSTATO LA DEFENSORIA REAPERTURA DE TALLER DE REVISION TECNICA OBLIGATORIA EN LA CIUDAD DE FORMOSA"},"content":{"rendered":"<p>Los usuarios que posean turnos otorgados para los meses de octubre y noviembre, deber\u00e1n concurrir al Taller M\u00f3vil ubicado en el Circuito 5 y a partir del lunes 26 del corriente, los transportes de carga y pasajeros podr\u00e1n nuevamente realizar la RTO en nuestra Provincia-<\/p>\n<p><!--more--><\/p>\n<p>El Defensor del Pueblo de la Provincia de Formosa, Dr. Jos\u00e9 Leonardo Gialluca, inform\u00f3 que en fecha 22 del corriente mes y a\u00f1o, se recepcion\u00f3 una formal presentaci\u00f3n por parte de la Firma INTERFOR S.R.L. -Centro de Revisi\u00f3n T\u00e9cnica-, en la cual se da a conocer que a partir de este jueves 22, la misma \u201creabre su nuevo Taller con domicilio en Av. Presidente Arturo Illia N\u00ba 6.025 en el Barrio 16 de Julio de la Ciudad de Formosa, con todos los permisos necesarios para tal actividad, contando desde ahora con 3 L\u00edneas de Inspecci\u00f3n: 1. L\u00ednea Mixta (veh\u00edculos pesados y livianos) y 2 l\u00edneas para veh\u00edculos livianos, con la cual se brindar\u00e1 el servicio para todas las categor\u00edas de veh\u00edculos\u201d. Adem\u00e1s, el Ombudsman Provincial, se\u00f1al\u00f3 a todos los usuarios de la provincia que los horarios de atenci\u00f3n ser\u00e1n de 6:00 a 21:00 horas de lunes a viernes y los d\u00edas s\u00e1bados de 6:00 a 13:00 horas, debiendo comunicarse al tel\u00e9fono 3704 452339 o al correo electr\u00f3nico interforsrl@hotmail.com, para obtener un turno, encontr\u00e1ndose en dicho taller como Director T\u00e9cnico el Ing. Fernando Granada. En el recorrido que se realiz\u00f3 por el Taller de INTERFOR, se pudo determinar que, \u201creci\u00e9n el lunes 26 de este mes y a\u00f1o, empezar\u00e1n a llevarse a cabo las revisiones t\u00e9cnicas a todos los que sean veh\u00edculos pesados, tanto de cargas, como transporte urbano de pasajeros y de media y larga distancia. Se hizo saber tambi\u00e9n que, con relaci\u00f3n a los veh\u00edculos que se encuentren \u201cradicados en la Provincia de Formosa, son los \u00fanicos que podr\u00e1n llevar adelante la RTO si poseen un polarizado claro o intermedio, pues la Ley Provincial N\u00ba 1.560 es la que permite el uso de los mismos, los cual admiten una visibilidad que otorga seguridad en el tr\u00e1nsito vehicular y la visi\u00f3n de las personas dentro del veh\u00edculo, adem\u00e1s de poder ver a trav\u00e9s de los mismos\u201d. En cuanto a las luces led, solo ser\u00e1n admitidos los veh\u00edculos que las traigan colocadas de f\u00e1brica, por lo que, en el caso de haberse \u201cadaptado las mismas, deber\u00e1n ser retiradas, dado que, conforme la Ley de Tr\u00e1nsito, no est\u00e1n permitidas por ser difusas y producir encandilamientos a otros conductores\u201d.<br \/>\nTALLER M\u00d3VIL: Gialluca a\u00f1adi\u00f3 que, el Taller de Revisi\u00f3n T\u00e9cnica Obligatoria M\u00f3vil que se encuentra en la Av. Laureano Maradona y calle 2 del Barrio Rep\u00fablica Argentina, detr\u00e1s de la estaci\u00f3n de servicio YPF en el denominado Circuito 5, continuar\u00e1 trabajando hasta fines de noviembre de este a\u00f1o, \u201cpor lo que todos los usuarios que tengan turnos para los meses de octubre y noviembre, deber\u00e1n concurrir a dicho Taller en los horarios de 7:30 a 12:00 horas de lunes a viernes y por la tarde de 15:00 a 19:00, como as\u00ed tambi\u00e9n los d\u00edas s\u00e1bados \u00fanicamente de 7:30 a 12:30 horas\u201d; salvo para los casos de que se presente alguna urgencia fundada, podr\u00e1n cambiarse hacia el nuevo Taller. Conforme lo expresara el Ing. Fernando Granada, \u201cdesde el mes de diciembre en adelante, este Taller M\u00f3vil, recorrer\u00e1 las Ciudad del Interior Provincial para evitar viajes y gastos innecesarios de los interesados\u201d, por lo que iremos dando a conocer los lugares en que se ubicar\u00e1 el mismo.<br \/>\nPRECIOS: En cuanto a los precios actuales, los mismos son: autos \u2013 up $7.500; pick-up \/utili\/combis -up- \/rural\/todo terreno $9.500; pick-up y\/o utilitarios de carga $13.500; cami\u00f3n n2 $17.000; cami\u00f3n n3 de 2 ejes $19.500; cami\u00f3n de 3 ejes $19.500; acoplado de 2 ejes o semi 1 eje $19.500; acoplado 3 ejes o semi 2 ejes $19.500; semi 3 ejes $16.000; minib\u00fas m2 (1s1s) $17.000; minib\u00fas m2 (1s1d) $17.000; \u00f3mnibus m2 2 ejes (1s1d) $19.500; \u00f3mnibus 3 ejes $22.000; \u00f3mnibus 4 ejes $23.000; remises $7.500; transporte escolar $16.000; \u00f3mnibus urbano $19.500.<\/p>\n<p>&nbsp;<\/p>\n","protected":false},"excerpt":{"rendered":"<p>Los usuarios que posean turnos otorgados para los meses de octubre y noviembre, deber\u00e1n concurrir al Taller M\u00f3vil ubicado en el Circuito 5 y a partir del lunes 26 del corriente, los transportes de carga y pasajeros podr\u00e1n nuevamente realizar la RTO en nuestra Provincia-<\/p>\n","protected":false},"author":1,"featured_media":13655,"comment_status":"closed","ping_status":"closed","sticky":false,"template":"","format":"standard","meta":{"footnotes":""},"categories":[1],"tags":[],"class_list":["post-13654","post","type-post","status-publish","format-standard","has-post-thumbnail","hentry","category-noticias"],"_links":{"self":[{"href":"https:\/\/defensoriaformosa.gob.ar\/index.php?rest_route=\/wp\/v2\/posts\/13654","targetHints":{"allow":["GET"]}}],"collection":[{"href":"https:\/\/defensoriaformosa.gob.ar\/index.php?rest_route=\/wp\/v2\/posts"}],"about":[{"href":"https:\/\/defensoriaformosa.gob.ar\/index.php?rest_route=\/wp\/v2\/types\/post"}],"author":[{"embeddable":true,"href":"https:\/\/defensoriaformosa.gob.ar\/index.php?rest_route=\/wp\/v2\/users\/1"}],"replies":[{"embeddable":true,"href":"https:\/\/defensoriaformosa.gob.ar\/index.php?rest_route=%2Fwp%2Fv2%2Fcomments&post=13654"}],"version-history":[{"count":1,"href":"https:\/\/defensoriaformosa.gob.ar\/index.php?rest_route=\/wp\/v2\/posts\/13654\/revisions"}],"predecessor-version":[{"id":13656,"href":"https:\/\/defensoriaformosa.gob.ar\/index.php?rest_route=\/wp\/v2\/posts\/13654\/revisions\/13656"}],"wp:featuredmedia":[{"embeddable":true,"href":"https:\/\/defensoriaformosa.gob.ar\/index.php?rest_route=\/wp\/v2\/media\/13655"}],"wp:attachment":[{"href":"https:\/\/defensoriaformosa.gob.ar\/index.php?rest_route=%2Fwp%2Fv2%2Fmedia&parent=13654"}],"wp:term":[{"taxonomy":"category","embeddable":true,"href":"https:\/\/defensoriaformosa.gob.ar\/index.php?rest_route=%2Fwp%2Fv2%2Fcategories&post=13654"},{"taxonomy":"post_tag","embeddable":true,"href":"https:\/\/defensoriaformosa.gob.ar\/index.php?rest_route=%2Fwp%2Fv2%2Ftags&post=13654"}],"curies":[{"name":"wp","href":"https:\/\/api.w.org\/{rel}","templated":true}]}}