{"id":13651,"date":"2022-09-21T00:53:11","date_gmt":"2022-09-21T03:53:11","guid":{"rendered":"https:\/\/defensoriaformosa.gob.ar\/?p=13651"},"modified":"2022-09-22T00:54:48","modified_gmt":"2022-09-22T03:54:48","slug":"solicitan-al-jefe-de-gabinete-de-nacion-y-al-ministro-del-interior-que-eliminen-o-aumenten-los-topes-de-consumo-energetico-para-el-norte-grande","status":"publish","type":"post","link":"https:\/\/defensoriaformosa.gob.ar\/?p=13651","title":{"rendered":"SOLICITAN AL JEFE DE GABINETE DE NACION Y AL MINISTRO DEL INTERIOR QUE ELIMINEN O AUMENTEN LOS TOPES DE CONSUMO ENERGETICO PARA EL NORTE GRANDE"},"content":{"rendered":"<p>El Defensor del Pueblo de la Provincia de Formosa, Dr. Jos\u00e9 Leonardo Gialluca, inform\u00f3 que, se peticion\u00f3 formalmente al Dr. Juan Manzur Jefe de Gabinete de Naci\u00f3n y a Wado De Pedro, \u201celiminen el tope de 550 kwh de consumos mensuales para los usuarios de energ\u00eda el\u00e9ctrica en el Norte Grande o los incrementen a partir de los 750 kwh en adelante para poder mantener los subsidios y evitar de esta manera que adem\u00e1s de electrodependientes, no caigamos en la -Pobreza Energ\u00e9tica-, situaci\u00f3n que se da cuando una familia no cuenta con los recursos necesarios para solventar sus gastos energ\u00e9ticos b\u00e1sicos o tambi\u00e9n puede ser que el hogar est\u00e9 obligado a destinar una parte excesiva de sus ingresos para pagar este servicio\u201d.<\/p>\n<p><!--more--><\/p>\n<p>Por otro lado, el Ombudsman Provincial, \u201crechaz\u00f3 las afirmaciones del Ing. Jorge Lape\u00f1a Exsecretario de Energ\u00eda de la Naci\u00f3n, quien asegurara, que la argentina no est\u00e1 en condiciones de ofrecer subsidios energ\u00e9ticos y consider\u00f3 que el pa\u00eds no podr\u00e1 brindar tarifas diferenciadas a las Provincias del Norte, como vienen solicitando los Gobernadores del Norte Grande\u201d. Actualmente, junto a otros ocho ex secretarios de energ\u00eda, conforman el Observatorio de la Energ\u00eda, Tecnolog\u00eda e Infraestructura para el Desarrollo (OETEC); quienes tienen una mirada fuertemente discriminatoria hacia Provincias como Formosa, donde las altas temperaturas, se imponen en gran parte del a\u00f1o. Es por ello que, desde la Defensor\u00eda del Pueblo y en base a lo que consumen por necesidad, los usuarios de energ\u00eda el\u00e9ctrica en Formosa y en el Norte Argentino, donde cualquier grupo familiar conformado por 4 personas, \u201cmensualmente se encuentra por encima de los 750kwh o 1000 kwh por mes, al necesitar los splits, heladeras, freezers, ventiladores, etc., para poder sobrevivir a temperaturas superiores a los 45\u00ba y mantener los alimentos en buen estado\u201d, se hace necesario aumentar los topes para no perder los subsidios o una Tarifa Regional Diferenciada. Para comprobar esto, basta con hablar con cualquier vecino de la Ciudad o de cualquier Localidad de los nueve Departamentos, quienes, \u201cno derrochan energ\u00eda el\u00e9ctrica, ni sienten que usar un aire acondicionado sea un lujo, sino m\u00e1s bien se constituye en una necesidad y por ello es que somos electrodependientes y destinamos gran parte del porcentaje de nuestros ingresos a pagar un servicio p\u00fablico esencial, como es el de la energ\u00eda\u201d. Ello nos lleva, a no estar de acuerdo con los topes impuestos hasta ahora en 550 kwh para mantener un subsidio del Estado Nacional, pues vemos que en otros pa\u00edses como en Colombia, su Presidente Gustavo Petro, ha logrado que, desde el Ministerio de Minas y Energ\u00edas, se disminuya el precio de la energ\u00eda, donde se ha involucrado a todos los actores de la cadena energ\u00e9tica, esto es generadores, distribuidores y transportistas. Lo mismo sucede con otras medidas adoptadas actualmente para reducir el precio de la energ\u00eda y ayudar a los usuarios en pa\u00edses como Espa\u00f1a, B\u00e9lgica, Bulgaria, Portugal y otros, siendo que Espa\u00f1a ha establecido un Suministro M\u00ednimo Vital, \u201cque proh\u00edbe el corte del servicio energ\u00e9tico impago a los beneficiarios del Bono Social El\u00e9ctrico durante 10 meses\u201d. Es que el aumento generalizado en los precios de la energ\u00eda, ha obligado a que Francia tambi\u00e9n implemente un \u201cEscudo Tarifario\u201d y de esta manera 6 millones de hogares con ingresos bajos, reciban \u201cun Cheque Energ\u00e9tico de 100 euros y todos aquellos franceses que cobran menos de 2 mil euros netos, recibir\u00e1n tambi\u00e9n una \u2013Indemnizaci\u00f3n Inflaci\u00f3n- por \u00fanica vez de otros 100 euros para compensar los aumentos\u201d. En el caso de Portugal, ha bajado el IVA a la electricidad y ha aumentado la incorporaci\u00f3n de familias a subsidios energ\u00e9ticos. En Italia, se ha determinado la congelaci\u00f3n de los aumentos de las tarifas a m\u00e1s de 3 millones de n\u00facleos familiares y antes de la llegada del inverno, Alemania, adopta medidas para amortiguar los incrementos energ\u00e9ticos. Similar situaci\u00f3n se da adem\u00e1s en varios pa\u00edses de Am\u00e9rica Latina y el Caribe, donde los subsidios amortiguan el impacto de los aumentos en servicios esenciales como la energ\u00eda el\u00e9ctrica.<\/p>\n<p>&nbsp;<\/p>\n","protected":false},"excerpt":{"rendered":"<p>El Defensor del Pueblo de la Provincia de Formosa, Dr. Jos\u00e9 Leonardo Gialluca, inform\u00f3 que, se peticion\u00f3 formalmente al Dr. Juan Manzur Jefe de Gabinete de Naci\u00f3n y a Wado De Pedro, \u201celiminen el tope de 550 kwh de consumos mensuales para los usuarios de energ\u00eda el\u00e9ctrica en el Norte Grande o los incrementen a [&hellip;]<\/p>\n","protected":false},"author":1,"featured_media":13652,"comment_status":"closed","ping_status":"closed","sticky":false,"template":"","format":"standard","meta":{"footnotes":""},"categories":[3],"tags":[],"class_list":["post-13651","post","type-post","status-publish","format-standard","has-post-thumbnail","hentry","category-defensa-de-los-derechos-del-usuario-consumidor-contribuyentes"],"_links":{"self":[{"href":"https:\/\/defensoriaformosa.gob.ar\/index.php?rest_route=\/wp\/v2\/posts\/13651","targetHints":{"allow":["GET"]}}],"collection":[{"href":"https:\/\/defensoriaformosa.gob.ar\/index.php?rest_route=\/wp\/v2\/posts"}],"about":[{"href":"https:\/\/defensoriaformosa.gob.ar\/index.php?rest_route=\/wp\/v2\/types\/post"}],"author":[{"embeddable":true,"href":"https:\/\/defensoriaformosa.gob.ar\/index.php?rest_route=\/wp\/v2\/users\/1"}],"replies":[{"embeddable":true,"href":"https:\/\/defensoriaformosa.gob.ar\/index.php?rest_route=%2Fwp%2Fv2%2Fcomments&post=13651"}],"version-history":[{"count":1,"href":"https:\/\/defensoriaformosa.gob.ar\/index.php?rest_route=\/wp\/v2\/posts\/13651\/revisions"}],"predecessor-version":[{"id":13653,"href":"https:\/\/defensoriaformosa.gob.ar\/index.php?rest_route=\/wp\/v2\/posts\/13651\/revisions\/13653"}],"wp:featuredmedia":[{"embeddable":true,"href":"https:\/\/defensoriaformosa.gob.ar\/index.php?rest_route=\/wp\/v2\/media\/13652"}],"wp:attachment":[{"href":"https:\/\/defensoriaformosa.gob.ar\/index.php?rest_route=%2Fwp%2Fv2%2Fmedia&parent=13651"}],"wp:term":[{"taxonomy":"category","embeddable":true,"href":"https:\/\/defensoriaformosa.gob.ar\/index.php?rest_route=%2Fwp%2Fv2%2Fcategories&post=13651"},{"taxonomy":"post_tag","embeddable":true,"href":"https:\/\/defensoriaformosa.gob.ar\/index.php?rest_route=%2Fwp%2Fv2%2Ftags&post=13651"}],"curies":[{"name":"wp","href":"https:\/\/api.w.org\/{rel}","templated":true}]}}