{"id":13648,"date":"2022-09-20T08:48:38","date_gmt":"2022-09-20T11:48:38","guid":{"rendered":"https:\/\/defensoriaformosa.gob.ar\/?p=13648"},"modified":"2022-09-21T08:50:09","modified_gmt":"2022-09-21T11:50:09","slug":"la-defensoria-rechaza-afirmaciones-del-exsecretario-de-energia-jorge-lapena-por-infundadas-y-precipitadas","status":"publish","type":"post","link":"https:\/\/defensoriaformosa.gob.ar\/?p=13648","title":{"rendered":"LA DEFENSORIA RECHAZA AFIRMACIONES DEL EXSECRETARIO DE ENERGIA JORGE LAPE\u00d1A POR INFUNDADAS Y PRECIPITADAS"},"content":{"rendered":"<p>El Defensor del Pueblo de la Provincia de Formosa, Dr. Jos\u00e9 Leonardo Gialluca, \u201crechaz\u00f3 las afirmaciones del Ing. Jorge Lape\u00f1a Exsecretario de Energ\u00eda de la Naci\u00f3n, quien asegurara a La Ma\u00f1ana, que la argentina no est\u00e1 en condiciones de ofrecer subsidios energ\u00e9ticos y consider\u00f3 que el pa\u00eds no podr\u00e1 brindar tarifas diferenciadas a las Provincias del Norte, como vienen solicitando los Gobernadores del Norte Grande\u2026\u2026\u201d.<\/p>\n<p><!--more--><\/p>\n<p>Gialluca, afirm\u00f3 que, \u201cel Exsecretario de Energ\u00eda Jorge Lape\u00f1a, falta a la verdad o tergiversa la realidad de los hechos, lo que convierte sus afirmaciones en falaces\u201d. Record\u00f3 que, Lape\u00f1a, se desempe\u00f1\u00f3 como m\u00e1ximo responsable del sector energ\u00e9tico durante el Gobierno del Presidente Ra\u00fal Alfons\u00edn, primero como subsecretario de Planificaci\u00f3n Energ\u00e9tica (1983-1986), despu\u00e9s como Secretario de Energ\u00eda (1986-1988) y como asesor presidencial (1988-1989). Durante la crisis energ\u00e9tica de 1988 -la peor que recuerde nuestra historia, incluso m\u00e1s grave que las de 1999\/2000 y 2002- no s\u00f3lo demostraba la p\u00e9sima planificaci\u00f3n energ\u00e9tica de entonces, sino el estado calamitoso de las centrales termoel\u00e9ctricas que no alcanzaban a cubrir la ca\u00edda de la generaci\u00f3n hidroel\u00e9ctrica. Actualmente, junto a otros ocho ex secretarios de energ\u00eda, funcionarios de Ongan\u00eda, Bignone, Alfons\u00edn, Menem, De la R\u00faa y Duhalde, son los especialistas preferidos del neoliberalismo energ\u00e9tico, lo que a nadie afecta. Pero que se los haya impuesto como materia de referencia obligada a la opini\u00f3n p\u00fablica, a buena parte del periodismo y a Instituciones y Casas de Altos Estudios, resulta sorprendente. Congeladores de los planes nuclear e hidroel\u00e9ctrico, autores intelectuales y grandes ejecutores de privatizaciones y desregulaciones; consultores privados y peritos para empresas que demandaron a la Argentina ante el CIADI; promotores de exportaciones sin reposici\u00f3n de reservas, electricidad y gas por redes como privilegio excluyente, etc., constituye el curr\u00edculum abreviado de los ocho ex secretarios. Son los que conforman el Observatorio de la Energ\u00eda, Tecnolog\u00eda e Infraestructura para el Desarrollo (OETEC); y es necesario expresar que llama la atenci\u00f3n que no se diga que sus actividades se encuentran en abierto conflicto de intereses con el sector energ\u00e9tico de la argentina. \u00bfPor qu\u00e9 se le oculta a la poblaci\u00f3n que al menos la mitad de ellos son consultores privados y varios incluso han servido de testigos para empresas que demandaron al pueblo argentino ante el CIADI? De ninguna manera proponemos silenciarlos, sino que, a la hora de escucharlos, la ciudadan\u00eda debe tener en su haber todos los elementos para elaborar un juicio sobre la objetividad de sus afirmaciones. Es por ello que, desde la Defensor\u00eda del Pueblo y en base a lo que consumen por necesidad, los usuarios de energ\u00eda el\u00e9ctrica en Formosa y en el Norte Argentino, donde cualquier grupo familiar conformado por 4 personas, \u201cmensualmente se encuentra por encima de los 750kwh o 1000 kwh por mes, al necesitar los splits, heladeras, freezers, ventiladores, etc., para poder sobrevivir a temperaturas superiores a los 45\u00ba y mantener los alimentos en buen estado\u201d. Esto se lo pueden preguntar a cualquier vecino de la Ciudad o de cualquier Localidad de los nueve Departamentos, quienes, \u201cno derrochan energ\u00eda el\u00e9ctrica, ni sienten que usar un aire acondicionado sea un lujo, sino m\u00e1s bien se constituye en una necesidad humana y por ello es que somos electrodependientes y destinamos gran parte del porcentaje de nuestros ingresos a pagar un servicio p\u00fablico esencial, como es el de la energ\u00eda\u201d. Por otro lado, no vamos a estar de acuerdo jam\u00e1s con los topes impuestos hasta ahora en 550kwh para mantener un subsidio del Estado Nacional, cuando actualmente el Presidente de Colombio Gustavo Petro, ha logrado que, desde el Ministerio de Minas y Energ\u00edas, se disminuya el precio de la energ\u00eda, donde se ha involucrado a todos los actores de la cadena energ\u00e9tica, esto es generadores, distribuidores y transportistas, mediante la renegociaci\u00f3n de contratos que incluyen la modificaci\u00f3n de tiempos de pago, optimizando la operaci\u00f3n de las plantas termoel\u00e9ctricas. Lo mismo sucede con otras medidas adoptadas actualmente para reducir el precio de la energ\u00eda y ayudar a los usuarios en pa\u00edses como Espa\u00f1a, B\u00e9lgica, Bulgaria, Portugal y otros, siendo que Espa\u00f1a ha establecido un Suministro M\u00ednimo Vital, \u201cque proh\u00edbe el corte del servicio energ\u00e9tico impago a los beneficiarios del Bono Social El\u00e9ctrico durante 10 meses\u201d. Es que el aumento generalizado en los precios de la energ\u00eda, ha llevado a que Francia tambi\u00e9n implemente un \u201cEscudo Tarifario\u201d y de esta manera 6 millones de hogares con ingresos bajos, reciban \u201cun Cheque Energ\u00e9tico de 100 euros y todos aquellos franceses que cobran menos de 2 mil euros netos, recibir\u00e1n tambi\u00e9n una \u2013Indemnizaci\u00f3n Inflaci\u00f3n- por \u00fanica vez de otros 100 euros para compensar los aumentos\u201d. En el caso de Portugal, ha bajado el IVA a la electricidad y ha aumentado la incorporaci\u00f3n de familias a subsidios energ\u00e9ticos. En Italia, se ha determinado la congelaci\u00f3n de los aumentos de las tarifas a m\u00e1s de 3 millones de n\u00facleos familiares y antes de la llegada del inverno, Alemania, adopta medidas para amortiguar los incrementos energ\u00e9ticos. Similar situaci\u00f3n se da adem\u00e1s en varios pa\u00edses de Am\u00e9rica Latina y el Caribe, donde los subsidios amortiguan el impacto de los aumentos en servicios esenciales como la energ\u00eda el\u00e9ctrica, como medidas de emergencia y conforme a la realidad de cada uno de ellos.<\/p>\n<p>&nbsp;<\/p>\n","protected":false},"excerpt":{"rendered":"<p>El Defensor del Pueblo de la Provincia de Formosa, Dr. Jos\u00e9 Leonardo Gialluca, \u201crechaz\u00f3 las afirmaciones del Ing. Jorge Lape\u00f1a Exsecretario de Energ\u00eda de la Naci\u00f3n, quien asegurara a La Ma\u00f1ana, que la argentina no est\u00e1 en condiciones de ofrecer subsidios energ\u00e9ticos y consider\u00f3 que el pa\u00eds no podr\u00e1 brindar tarifas diferenciadas a las Provincias [&hellip;]<\/p>\n","protected":false},"author":1,"featured_media":13649,"comment_status":"closed","ping_status":"closed","sticky":false,"template":"","format":"standard","meta":{"footnotes":""},"categories":[1],"tags":[],"class_list":["post-13648","post","type-post","status-publish","format-standard","has-post-thumbnail","hentry","category-noticias"],"_links":{"self":[{"href":"https:\/\/defensoriaformosa.gob.ar\/index.php?rest_route=\/wp\/v2\/posts\/13648","targetHints":{"allow":["GET"]}}],"collection":[{"href":"https:\/\/defensoriaformosa.gob.ar\/index.php?rest_route=\/wp\/v2\/posts"}],"about":[{"href":"https:\/\/defensoriaformosa.gob.ar\/index.php?rest_route=\/wp\/v2\/types\/post"}],"author":[{"embeddable":true,"href":"https:\/\/defensoriaformosa.gob.ar\/index.php?rest_route=\/wp\/v2\/users\/1"}],"replies":[{"embeddable":true,"href":"https:\/\/defensoriaformosa.gob.ar\/index.php?rest_route=%2Fwp%2Fv2%2Fcomments&post=13648"}],"version-history":[{"count":1,"href":"https:\/\/defensoriaformosa.gob.ar\/index.php?rest_route=\/wp\/v2\/posts\/13648\/revisions"}],"predecessor-version":[{"id":13650,"href":"https:\/\/defensoriaformosa.gob.ar\/index.php?rest_route=\/wp\/v2\/posts\/13648\/revisions\/13650"}],"wp:featuredmedia":[{"embeddable":true,"href":"https:\/\/defensoriaformosa.gob.ar\/index.php?rest_route=\/wp\/v2\/media\/13649"}],"wp:attachment":[{"href":"https:\/\/defensoriaformosa.gob.ar\/index.php?rest_route=%2Fwp%2Fv2%2Fmedia&parent=13648"}],"wp:term":[{"taxonomy":"category","embeddable":true,"href":"https:\/\/defensoriaformosa.gob.ar\/index.php?rest_route=%2Fwp%2Fv2%2Fcategories&post=13648"},{"taxonomy":"post_tag","embeddable":true,"href":"https:\/\/defensoriaformosa.gob.ar\/index.php?rest_route=%2Fwp%2Fv2%2Ftags&post=13648"}],"curies":[{"name":"wp","href":"https:\/\/api.w.org\/{rel}","templated":true}]}}