{"id":13642,"date":"2022-09-17T16:06:15","date_gmt":"2022-09-17T19:06:15","guid":{"rendered":"https:\/\/defensoriaformosa.gob.ar\/?p=13642"},"modified":"2022-09-17T16:06:15","modified_gmt":"2022-09-17T19:06:15","slug":"denuncio-la-defensoria-que-la-secretaria-de-energia-al-no-elevar-el-tope-a-los-subsidios-energeticos-en-el-nea-y-noa-esta-excluyendo-y-perjudicando-a-los-usuarios-del-norte","status":"publish","type":"post","link":"https:\/\/defensoriaformosa.gob.ar\/?p=13642","title":{"rendered":"DENUNCIO LA DEFENSORIA QUE LA SECRETARIA DE ENERGIA AL NO ELEVAR EL TOPE A LOS SUBSIDIOS ENERGETICOS EN EL NEA Y NOA, ESTA EXCLUYENDO Y PERJUDICANDO A LOS USUARIOS DEL NORTE"},"content":{"rendered":"<p>Mientras el Gobierno Nacional de Colombia \u201cacord\u00f3 reducir el precio de la energ\u00eda el\u00e9ctrica, y queda demostrado que ninguna empresa se va del pa\u00eds, ni entra en quiebra\u201d. Lo mismo sucede en Europa, \u201cdonde se refuerzan subsidios a los usuarios y no se ponen topes a los mismos\u201d. En nuestro Pa\u00eds, toman un camino inverso, que coloca en fuerte desventajas a los usuarios. Gialluca dio a conocer que se reiterar\u00e1n los planteos al Ministerio de Econom\u00eda de Naci\u00f3n y a la Secretaria de Energ\u00eda y en caso de no obtener respuestas fundadas, acudiremos a la Justicia Federal en b\u00fasqueda de lo que consideramos como derechos que le asisten a los usuarios residenciales de la Provincia de Formosa-<\/p>\n<p><!--more--><\/p>\n<p>El Defensor del Pueblo de la Provincia de Formosa, Dr. Jos\u00e9 Leonardo Gialluca, rechaz\u00f3 por arbitraria e injustificada la decisi\u00f3n de la Secretaria de Energ\u00eda de Naci\u00f3n a cargo de Flavia Roy\u00f3n, dependiente del Ministerio de Econom\u00eda, \u201cquienes les han dado la espalda a los usuarios de energ\u00eda el\u00e9ctrica del Norte Grande al publicar a trav\u00e9s de la Resoluci\u00f3n N\u00ba 649\/22 del BO en cuanto a confirmar que el tope a subsidiar de energ\u00eda el\u00e9ctrica ser\u00e1 de hasta 550 kwh y no de 750 kwh como lo hab\u00edan solicitado los Defensores del Pueblo del NEA y NOA, adem\u00e1s de los pedidos en este sentido planteado por los Gobernadores del Norte Grande\u201d. A la Secretaria de Energ\u00eda, no le import\u00f3 para nada los intensos calores del Norte Argentino y la necesidad que conllevan los mismos a utilizar aires acondicionados, splits, ventiladores, freezers, heladeras, de manera intensiva durante las 24 horas del d\u00eda, lo que determina siempre que el consumo de un grupo familiar supere f\u00e1cilmente los 750 kwh, y ahora con esta decisi\u00f3n miles de usuarios pagar\u00e1n la tarifa plena una vez superado el tope impuesto ilegalmente, \u201cpues nunca fue tratado en las Audiencias P\u00fablicas convocadas por el Gobierno Nacional\u201d. Gialluca se\u00f1al\u00f3 que, nos est\u00e1n discriminando nuevamente, pues en el caso del Norte Grande donde las temperaturas superan f\u00e1cilmente los 40\u00ba y los aires acondicionados se convierten en una necesidad para todas las personas y m\u00e1s en provincias como la nuestra que somos electrodependiente donde no tenemos por ahora gas por redes, \u201cse debi\u00f3 implementar un r\u00e9gimen excepcional por lo menos para los meses de noviembre a abril que son los m\u00e1s calurosos, con el mismo razonamiento que se implement\u00f3 en las Provincias del Sur tarifas diferenciadas por el fr\u00edo y en estas denominadas -zonas fr\u00edas-, el gas se paga m\u00e1s barato por los altos consumos debido a las condiciones clim\u00e1ticas\u201d. En este sentido, desde el Organismo de la Constituci\u00f3n, se volvi\u00f3 a reiterar al Ministerio de Econom\u00eda de Naci\u00f3n y a la Secretaria de Energ\u00eda, \u201cque revean esta postura absolutamente sin sentido y que nos hace ver como el Estado Nacional tiene un tratamiento privilegiado para las Provincias del Sur y siempre va en detrimento en materia energ\u00e9tica sobre las Provincias del Norte Grande\u201d. En lo que respecta por ahora a todos aquellos usuarios que pasen el tope de consumo m\u00e1ximo, para aquellos que superen el tope de 750 kwh en las provincias del norte, pasar\u00e1n a pagar la misma tarifa sin subsidios que pagar\u00e1n los usuarios del Nivel 1, que son los hogares de mayores ingresos. Por su parte, los usuarios del Nivel 3 (de ingresos medios) en consideraci\u00f3n a los datos proporcionados en las declaraciones juradas para solicitar los subsidios energ\u00e9ticos, tambi\u00e9n se ver\u00e1n afectados en los casos de superar los topes antes mencionados. En el caso de los usuarios del Nivel 2 (de menores ingresos) no se aplicar\u00e1 ning\u00fan tope, porque no podr\u00edan afrontar el pago de nuevos incrementos del servicio. Ante cualquier duda o consulta al respecto, los usuarios de formosa, podr\u00e1n concurrir a la Defensor\u00eda del Pueblo ubicada en Padre Pati\u00f1o N\u00ba 831 o a trav\u00e9s de los tel\u00e9fonos 370 4436379 \u2013 0800 444 1770 o a los correos electr\u00f3nicos Institucionales denuncia@formosa.gov.ar \u2013 depuefor@fibertel.com.ar.<\/p>\n<p>&nbsp;<\/p>\n","protected":false},"excerpt":{"rendered":"<p>Mientras el Gobierno Nacional de Colombia \u201cacord\u00f3 reducir el precio de la energ\u00eda el\u00e9ctrica, y queda demostrado que ninguna empresa se va del pa\u00eds, ni entra en quiebra\u201d. Lo mismo sucede en Europa, \u201cdonde se refuerzan subsidios a los usuarios y no se ponen topes a los mismos\u201d. En nuestro Pa\u00eds, toman un camino inverso, [&hellip;]<\/p>\n","protected":false},"author":1,"featured_media":13643,"comment_status":"closed","ping_status":"closed","sticky":false,"template":"","format":"standard","meta":{"footnotes":""},"categories":[1],"tags":[],"class_list":["post-13642","post","type-post","status-publish","format-standard","has-post-thumbnail","hentry","category-noticias"],"_links":{"self":[{"href":"https:\/\/defensoriaformosa.gob.ar\/index.php?rest_route=\/wp\/v2\/posts\/13642","targetHints":{"allow":["GET"]}}],"collection":[{"href":"https:\/\/defensoriaformosa.gob.ar\/index.php?rest_route=\/wp\/v2\/posts"}],"about":[{"href":"https:\/\/defensoriaformosa.gob.ar\/index.php?rest_route=\/wp\/v2\/types\/post"}],"author":[{"embeddable":true,"href":"https:\/\/defensoriaformosa.gob.ar\/index.php?rest_route=\/wp\/v2\/users\/1"}],"replies":[{"embeddable":true,"href":"https:\/\/defensoriaformosa.gob.ar\/index.php?rest_route=%2Fwp%2Fv2%2Fcomments&post=13642"}],"version-history":[{"count":1,"href":"https:\/\/defensoriaformosa.gob.ar\/index.php?rest_route=\/wp\/v2\/posts\/13642\/revisions"}],"predecessor-version":[{"id":13644,"href":"https:\/\/defensoriaformosa.gob.ar\/index.php?rest_route=\/wp\/v2\/posts\/13642\/revisions\/13644"}],"wp:featuredmedia":[{"embeddable":true,"href":"https:\/\/defensoriaformosa.gob.ar\/index.php?rest_route=\/wp\/v2\/media\/13643"}],"wp:attachment":[{"href":"https:\/\/defensoriaformosa.gob.ar\/index.php?rest_route=%2Fwp%2Fv2%2Fmedia&parent=13642"}],"wp:term":[{"taxonomy":"category","embeddable":true,"href":"https:\/\/defensoriaformosa.gob.ar\/index.php?rest_route=%2Fwp%2Fv2%2Fcategories&post=13642"},{"taxonomy":"post_tag","embeddable":true,"href":"https:\/\/defensoriaformosa.gob.ar\/index.php?rest_route=%2Fwp%2Fv2%2Ftags&post=13642"}],"curies":[{"name":"wp","href":"https:\/\/api.w.org\/{rel}","templated":true}]}}