{"id":13638,"date":"2022-09-16T21:31:39","date_gmt":"2022-09-17T00:31:39","guid":{"rendered":"https:\/\/defensoriaformosa.gob.ar\/?p=13638"},"modified":"2022-09-16T21:31:39","modified_gmt":"2022-09-17T00:31:39","slug":"se-libero-totalmente-al-transito-la-ruta-nacional-no-81-a-la-altura-de-bartolome-de-las-casas","status":"publish","type":"post","link":"https:\/\/defensoriaformosa.gob.ar\/?p=13638","title":{"rendered":"SE LIBERO TOTALMENTE AL TRANSITO LA RUTA NACIONAL N\u00ba 81 A LA ALTURA DE BARTOLOME DE LAS CASAS"},"content":{"rendered":"<p>El Defensor del Pueblo de la Provincia de Formosa, Dr. Jos\u00e9 Leonardo Gialluca, afirm\u00f3 que los permanentes cortes de ruta a la altura de Bartolom\u00e9 de las Casas que impiden el libre tr\u00e1nsito por una traza altamente ocupada como es la RN N\u00ba 81, se relacionan siempre con \u201csolicitudes de pensiones sociales y la autoconstrucci\u00f3n de viviendas\u201d.<\/p>\n<p><!--more--><\/p>\n<p>Dado que, este jueves pasado 15, un grupo de manifestantes procedieron a impedir el libre tr\u00e1nsito por la antes citada, se los convoc\u00f3 a una Reuni\u00f3n de Trabajo, quienes pudieron concurrir por la colaboraci\u00f3n brindada por el Intendente de Fontana Juan Carlos Jaquemin, de la cual formaron parte los Representantes de la Comunidad Originaria de Bartolom\u00e9 de las Casas: Sres. Carlos Ramiro Anastacio, Gerardo Argentino Tolosa, y Gustavo Rivero, los que fueron recibidos por el Ombudsman Provincial, el Secretario Letrado Dr. Jos\u00e9 Porfirio Garc\u00eda, la asesora legal Dra. Mar\u00eda Eugenia Pereira y Ornella Barraza. El Sr. Gustavo Rivero manifiesta que piden el acompa\u00f1amiento de la Defensor\u00eda del Pueblo, para la realizaci\u00f3n de tr\u00e1mites de pensiones por discapacidad en la Administraci\u00f3n Nacional de la Seguridad Social (ANSES) para miembros de la Comunidad y, adem\u00e1s, la construcci\u00f3n de m\u00f3dulos habitacionales para 17 familias que actualmente los necesitan. En este sentido, el Sr. Rivero hace entrega de dos listados que contienen los datos personales de los miembros de la Comunidad interesados en obtener tr\u00e1mites para la pensi\u00f3n de discapacidad, por un lado, y para la construcci\u00f3n de m\u00f3dulos habitacionales, por el otro. Posteriormente la Dra. Mar\u00eda Eugenia Pereira explica que los tr\u00e1mites de pensi\u00f3n por discapacidad requieren de ciertos requisitos y se van realizando en varias etapas desde el ANSES, como ser, en principio, la inscripci\u00f3n, luego la evaluaci\u00f3n del grupo familiar, el Certificado M\u00e9dico Oficial (CMO), en donde un m\u00e9dico autorizado confirma la patolog\u00eda del interesado, a su vez, debe contar con el sello y firma del Director del Hospital donde se lleve a cabo. Que este tipo de tr\u00e1mites, en sus distintas etapas puede llevar un tiempo de entre un a\u00f1o y un a\u00f1o y medio inclusive, y deben contar con m\u00e1s de un 66% de discapacidad para ser aprobado. En respuesta, el Sr. Gustavo Rivero explica que en la lista que entrega, figuran personas que ya realizaron el primer paso, que es la inscripci\u00f3n, y otros que a\u00fan no est\u00e1n inscriptos. Manifiesta que el inconveniente es que no cuentan con un m\u00e9dico fijo en la Comunidad y que los que vienen 3 veces al mes para brindar atenci\u00f3n de salud, no cuentan con el sello autorizado para efectuar el CMO. A su vez, la oficina del ANSES m\u00e1s cercana se halla en la Localidad de Las Lomitas, siendo la distancia es considerable, lo que dificulta hacer efectivo el tr\u00e1mite. La Dra. Pereira se\u00f1ala que es necesario hacer un relevamiento en la Comunidad, ya que tambi\u00e9n existen otros beneficios como la Asignaci\u00f3n Familiar Prenatal, la AUH, entre otros, a los que pueden acceder, aclarando que, para ello, deben tener preparados los papeles que figuran como requisitos. El Defensor del Pueblo, explica que, en lo que se refiere a la petici\u00f3n de construcci\u00f3n de viviendas, el plan de autoconstrucci\u00f3n no se encuentra vigente y se realizar\u00e1n las gestiones y averiguaciones necesarias, para estos pedidos lo que s\u00ed actualmente existe es el Plan de Viviendas para Comunidades Originarias, dependiente del Instituto Provincial de la Vivienda (IPV), para lo que se requiere contar con un terreno en la Comunidad, luego se realizan informes socio-ambientales de las familias solicitantes y, finalmente, se procede a la construcci\u00f3n, a trav\u00e9s de Cooperativas de Trabajo u otras modalidades con las que se viene dando respuesta a las Comunidades Originarias en todo el Territorio Provincial. Ambas partes acuerdan, el levantamiento total de la medida de fuerza y trabajar conjuntamente, sin necesidad de que se lleguen a medidas de fuerzas, que siempre perjudican a terceras personas y para ello se les informa que la Defensor\u00eda del Pueblo puede concurrir a las Comunidades o crear los espacios de di\u00e1logos necesarios, para de esta manera, gestionar e impulsar sus variadas peticiones.<\/p>\n<p>&nbsp;<\/p>\n","protected":false},"excerpt":{"rendered":"<p>El Defensor del Pueblo de la Provincia de Formosa, Dr. Jos\u00e9 Leonardo Gialluca, afirm\u00f3 que los permanentes cortes de ruta a la altura de Bartolom\u00e9 de las Casas que impiden el libre tr\u00e1nsito por una traza altamente ocupada como es la RN N\u00ba 81, se relacionan siempre con \u201csolicitudes de pensiones sociales y la autoconstrucci\u00f3n [&hellip;]<\/p>\n","protected":false},"author":1,"featured_media":13639,"comment_status":"closed","ping_status":"closed","sticky":false,"template":"","format":"standard","meta":{"footnotes":""},"categories":[1],"tags":[],"class_list":["post-13638","post","type-post","status-publish","format-standard","has-post-thumbnail","hentry","category-noticias"],"_links":{"self":[{"href":"https:\/\/defensoriaformosa.gob.ar\/index.php?rest_route=\/wp\/v2\/posts\/13638","targetHints":{"allow":["GET"]}}],"collection":[{"href":"https:\/\/defensoriaformosa.gob.ar\/index.php?rest_route=\/wp\/v2\/posts"}],"about":[{"href":"https:\/\/defensoriaformosa.gob.ar\/index.php?rest_route=\/wp\/v2\/types\/post"}],"author":[{"embeddable":true,"href":"https:\/\/defensoriaformosa.gob.ar\/index.php?rest_route=\/wp\/v2\/users\/1"}],"replies":[{"embeddable":true,"href":"https:\/\/defensoriaformosa.gob.ar\/index.php?rest_route=%2Fwp%2Fv2%2Fcomments&post=13638"}],"version-history":[{"count":1,"href":"https:\/\/defensoriaformosa.gob.ar\/index.php?rest_route=\/wp\/v2\/posts\/13638\/revisions"}],"predecessor-version":[{"id":13640,"href":"https:\/\/defensoriaformosa.gob.ar\/index.php?rest_route=\/wp\/v2\/posts\/13638\/revisions\/13640"}],"wp:featuredmedia":[{"embeddable":true,"href":"https:\/\/defensoriaformosa.gob.ar\/index.php?rest_route=\/wp\/v2\/media\/13639"}],"wp:attachment":[{"href":"https:\/\/defensoriaformosa.gob.ar\/index.php?rest_route=%2Fwp%2Fv2%2Fmedia&parent=13638"}],"wp:term":[{"taxonomy":"category","embeddable":true,"href":"https:\/\/defensoriaformosa.gob.ar\/index.php?rest_route=%2Fwp%2Fv2%2Fcategories&post=13638"},{"taxonomy":"post_tag","embeddable":true,"href":"https:\/\/defensoriaformosa.gob.ar\/index.php?rest_route=%2Fwp%2Fv2%2Ftags&post=13638"}],"curies":[{"name":"wp","href":"https:\/\/api.w.org\/{rel}","templated":true}]}}