{"id":13635,"date":"2022-09-15T18:46:01","date_gmt":"2022-09-15T21:46:01","guid":{"rendered":"https:\/\/defensoriaformosa.gob.ar\/?p=13635"},"modified":"2022-09-15T18:46:01","modified_gmt":"2022-09-15T21:46:01","slug":"afirman-que-de-continuarse-a-este-ritmo-los-consumidores-sufriremos-una-inflacion-anual-del-100","status":"publish","type":"post","link":"https:\/\/defensoriaformosa.gob.ar\/?p=13635","title":{"rendered":"AFIRMAN QUE DE CONTINUARSE A ESTE RITMO LOS CONSUMIDORES SUFRIREMOS UNA INFLACI\u00d3N ANUAL DEL 100%"},"content":{"rendered":"<p>-Gialluca denunci\u00f3 que los alimentos no tienen Precios de Referencias en la actualidad y esto perjudica a los sectores m\u00e1s pobres, donde se produce un gran malestar, a lo que se le suma que la inflaci\u00f3n de septiembre tampoco bajar\u00eda del 6%, tomando en cuenta esto, es que pedimos medidas urgentes para garantizar el acceso a los alimentos de todos los consumidores-<\/p>\n<p><!--more--><br \/>\nEl Defensor del Pueblo de la Provincia de Formosa, Dr. Jos\u00e9 Leonardo Gialluca, afirm\u00f3 que la creciente inflaci\u00f3n y el aumento del costo de vida, ha determinado que solicitemos al Ministerio de Econom\u00eda de Naci\u00f3n a cargo de Sergio Massa, \u201cla adopci\u00f3n de Medidas de Emergencia para evitar que las subas de los precios consuman los salarios\u201d. Por ello es necesario que los mismos sean equiparados a los costos de una Canasta B\u00e1sica Alimentaria, la cual actualmente se sit\u00faa en aproximadamente $ 136.000 para una familia tipo (2 adultos y 2 menores), siendo que los productos que m\u00e1s subieron de precios son las verduras, carnes, l\u00e1cteos, pan, aceite y otros. Los justos reclamos de recomposiciones salariales, donde todos buscan resarcir las p\u00e9rdidas provocadas por la inflaci\u00f3n que deval\u00faan diariamente los salarios, tanto del sector p\u00fablico como del sector privado, se enfrentan siempre, \u201ca las conductas de los sectores m\u00e1s fuertes que al verse obligados a pagar mayores salarios, siempre lo compensan con aumentos de precios en los productos alimenticios\u201d, y por ello afirmamos que no es cierto que los salarios sean los causantes de la inflaci\u00f3n, sino que en todo esto se debe tener en cuenta que el sector patronal no quiere resignar ninguna cuota de ganancia. Por eso, nuestro pedido en cuanto a tomar medidas para evitar la permanente aceleraci\u00f3n de los precios, tiene como objetivo principal proteger a los sectores de menores ingresos y al sector informal que por sus propias condiciones son los que m\u00e1s pierden en su capacidad de compra. En nuestra provincia, record\u00f3 el Funcionario Provincial, que todav\u00eda no se aplicaron las subas de energ\u00eda el\u00e9ctrica producto de una segmentaci\u00f3n tarifar\u00eda, que pedimos sea suspendida a la Secretaria de Energ\u00eda de Naci\u00f3n y no tenemos respuestas al respecto y menos a\u00fan en aumentar los topes de consumo y ni que hablar de una Tarifa Regional Diferenciada. La suba de los combustibles y de servicios como telefon\u00eda celular, golpean fuertemente los ingresos de todas las franjas sociales. El aumento de l\u00e1cteos, aceites, frutas, verduras, carne, huevos, pan, cebollas, hacen que no haya \u201csueldo que alcance\u201d, m\u00e1s si una familia est\u00e1 alquilando pues los incrementos aqu\u00ed son muy altos, y desde el Congreso de la Naci\u00f3n no se termina de definir una ley que proteja a los inquilinos.<\/p>\n","protected":false},"excerpt":{"rendered":"<p>-Gialluca denunci\u00f3 que los alimentos no tienen Precios de Referencias en la actualidad y esto perjudica a los sectores m\u00e1s pobres, donde se produce un gran malestar, a lo que se le suma que la inflaci\u00f3n de septiembre tampoco bajar\u00eda del 6%, tomando en cuenta esto, es que pedimos medidas urgentes para garantizar el acceso [&hellip;]<\/p>\n","protected":false},"author":1,"featured_media":13636,"comment_status":"closed","ping_status":"closed","sticky":false,"template":"","format":"standard","meta":{"footnotes":""},"categories":[1],"tags":[],"class_list":["post-13635","post","type-post","status-publish","format-standard","has-post-thumbnail","hentry","category-noticias"],"_links":{"self":[{"href":"https:\/\/defensoriaformosa.gob.ar\/index.php?rest_route=\/wp\/v2\/posts\/13635","targetHints":{"allow":["GET"]}}],"collection":[{"href":"https:\/\/defensoriaformosa.gob.ar\/index.php?rest_route=\/wp\/v2\/posts"}],"about":[{"href":"https:\/\/defensoriaformosa.gob.ar\/index.php?rest_route=\/wp\/v2\/types\/post"}],"author":[{"embeddable":true,"href":"https:\/\/defensoriaformosa.gob.ar\/index.php?rest_route=\/wp\/v2\/users\/1"}],"replies":[{"embeddable":true,"href":"https:\/\/defensoriaformosa.gob.ar\/index.php?rest_route=%2Fwp%2Fv2%2Fcomments&post=13635"}],"version-history":[{"count":1,"href":"https:\/\/defensoriaformosa.gob.ar\/index.php?rest_route=\/wp\/v2\/posts\/13635\/revisions"}],"predecessor-version":[{"id":13637,"href":"https:\/\/defensoriaformosa.gob.ar\/index.php?rest_route=\/wp\/v2\/posts\/13635\/revisions\/13637"}],"wp:featuredmedia":[{"embeddable":true,"href":"https:\/\/defensoriaformosa.gob.ar\/index.php?rest_route=\/wp\/v2\/media\/13636"}],"wp:attachment":[{"href":"https:\/\/defensoriaformosa.gob.ar\/index.php?rest_route=%2Fwp%2Fv2%2Fmedia&parent=13635"}],"wp:term":[{"taxonomy":"category","embeddable":true,"href":"https:\/\/defensoriaformosa.gob.ar\/index.php?rest_route=%2Fwp%2Fv2%2Fcategories&post=13635"},{"taxonomy":"post_tag","embeddable":true,"href":"https:\/\/defensoriaformosa.gob.ar\/index.php?rest_route=%2Fwp%2Fv2%2Ftags&post=13635"}],"curies":[{"name":"wp","href":"https:\/\/api.w.org\/{rel}","templated":true}]}}