{"id":13631,"date":"2022-09-14T18:00:46","date_gmt":"2022-09-14T21:00:46","guid":{"rendered":"https:\/\/defensoriaformosa.gob.ar\/?p=13631"},"modified":"2022-09-14T18:01:44","modified_gmt":"2022-09-14T21:01:44","slug":"se-deben-tomar-mejores-medidas-contra-la-inflacion-para-que-los-salarios-alcancen","status":"publish","type":"post","link":"https:\/\/defensoriaformosa.gob.ar\/?p=13631","title":{"rendered":"SE DEBEN TOMAR MEJORES MEDIDAS CONTRA LA INFLACI\u00d3N, PARA QUE LOS SALARIOS ALCANCEN"},"content":{"rendered":"<p><strong>-Gialluca denunci\u00f3 que los alimentos no tienen precios de referencias en la actualidad y esto perjudica a los m\u00e1s pobres, donde se siente un gran malestar, a lo que se le suma que la inflaci\u00f3n de septiembre tampoco bajara del 6%, tomando en cuenta esto, es que pedimos medidas urgentes para garantizar el acceso a los alimentos de todos los consumidores-<\/strong><\/p>\n<p><!--more--><br \/>\nEl Defensor del Pueblo de la Provincia de Formosa, Dr. Jos\u00e9 Leonardo Gialluca, se\u00f1al\u00f3 que, es imperioso que el Ministerio de Econom\u00eda de Naci\u00f3n, adopte medidas urgentes para garantizar que los salarios de los trabajadores cubran los aumentos de los alimentos, medicamentos y servicios esenciales. Institucionalmente, se lo hemos planteado a Sergio Massa, desde el momento en que conocimos que el \u00cdndice de Precios al Consumidor (IPC), correspondiente al mes de agosto lleg\u00f3 a un 7%, y el acumulado en lo que va del a\u00f1o suma 56,4%. En nuestra provincia, record\u00f3 el Funcionario Provincial, que todav\u00eda no se aplicaron las subas de energ\u00eda el\u00e9ctrica producto de una segmentaci\u00f3n tarifar\u00eda, que pedimos sea suspendida a la Secretaria de Energ\u00eda de Naci\u00f3n y no tenemos respuestas al respecto y menos a\u00fan en aumentar los topes de consumo y ni que hablar de una Tarifa Regional Diferenciada. La suba de los combustibles y de servicios como telefon\u00eda celular, golpean fuertemente los ingresos de todas las franjas sociales. El aumento de l\u00e1cteos, aceites, frutas, verduras, carne, huevos, pan, cebollas, hacen que no haya \u201csueldo que alcance\u201d, m\u00e1s si una familia est\u00e1 alquilando pues los incrementos aqu\u00ed son muy altos.<\/p>\n","protected":false},"excerpt":{"rendered":"<p>-Gialluca denunci\u00f3 que los alimentos no tienen precios de referencias en la actualidad y esto perjudica a los m\u00e1s pobres, donde se siente un gran malestar, a lo que se le suma que la inflaci\u00f3n de septiembre tampoco bajara del 6%, tomando en cuenta esto, es que pedimos medidas urgentes para garantizar el acceso a [&hellip;]<\/p>\n","protected":false},"author":1,"featured_media":13632,"comment_status":"closed","ping_status":"closed","sticky":false,"template":"","format":"standard","meta":{"footnotes":""},"categories":[1],"tags":[],"class_list":["post-13631","post","type-post","status-publish","format-standard","has-post-thumbnail","hentry","category-noticias"],"_links":{"self":[{"href":"https:\/\/defensoriaformosa.gob.ar\/index.php?rest_route=\/wp\/v2\/posts\/13631","targetHints":{"allow":["GET"]}}],"collection":[{"href":"https:\/\/defensoriaformosa.gob.ar\/index.php?rest_route=\/wp\/v2\/posts"}],"about":[{"href":"https:\/\/defensoriaformosa.gob.ar\/index.php?rest_route=\/wp\/v2\/types\/post"}],"author":[{"embeddable":true,"href":"https:\/\/defensoriaformosa.gob.ar\/index.php?rest_route=\/wp\/v2\/users\/1"}],"replies":[{"embeddable":true,"href":"https:\/\/defensoriaformosa.gob.ar\/index.php?rest_route=%2Fwp%2Fv2%2Fcomments&post=13631"}],"version-history":[{"count":2,"href":"https:\/\/defensoriaformosa.gob.ar\/index.php?rest_route=\/wp\/v2\/posts\/13631\/revisions"}],"predecessor-version":[{"id":13634,"href":"https:\/\/defensoriaformosa.gob.ar\/index.php?rest_route=\/wp\/v2\/posts\/13631\/revisions\/13634"}],"wp:featuredmedia":[{"embeddable":true,"href":"https:\/\/defensoriaformosa.gob.ar\/index.php?rest_route=\/wp\/v2\/media\/13632"}],"wp:attachment":[{"href":"https:\/\/defensoriaformosa.gob.ar\/index.php?rest_route=%2Fwp%2Fv2%2Fmedia&parent=13631"}],"wp:term":[{"taxonomy":"category","embeddable":true,"href":"https:\/\/defensoriaformosa.gob.ar\/index.php?rest_route=%2Fwp%2Fv2%2Fcategories&post=13631"},{"taxonomy":"post_tag","embeddable":true,"href":"https:\/\/defensoriaformosa.gob.ar\/index.php?rest_route=%2Fwp%2Fv2%2Ftags&post=13631"}],"curies":[{"name":"wp","href":"https:\/\/api.w.org\/{rel}","templated":true}]}}