{"id":13625,"date":"2022-09-12T23:31:54","date_gmt":"2022-09-13T02:31:54","guid":{"rendered":"https:\/\/defensoriaformosa.gob.ar\/?p=13625"},"modified":"2022-09-12T23:31:54","modified_gmt":"2022-09-13T02:31:54","slug":"afirmaron-que-no-existen-recortes-presupuestarios-ni-tampoco-ajustes-en-relacion-a-las-prestaciones-para-personas-con-discapacidad","status":"publish","type":"post","link":"https:\/\/defensoriaformosa.gob.ar\/?p=13625","title":{"rendered":"AFIRMARON QUE NO EXISTEN RECORTES PRESUPUESTARIOS NI TAMPOCO AJUSTES EN RELACION A LAS PRESTACIONES PARA PERSONAS CON DISCAPACIDAD"},"content":{"rendered":"<p>Gialluca llam\u00f3 a ser objetivos y responsables al momento de abordar esta tem\u00e1tica y sugiri\u00f3 a las madres y padres que enfrenten alguna demora o falta de atenci\u00f3n de terapeutas y profesionales, que se acerquen o contacten con la Defensor\u00eda del Pueblo-<\/p>\n<p><!--more--><\/p>\n<p>El Defensor del Pueblo de la Provincia de Formosa, Dr. Jos\u00e9 Leonardo Gialluca, afirm\u00f3 luego de recibir desde la Superintendencia de Servicios de Salud de la Naci\u00f3n a cargo del Dr. Daniel Alejandro L\u00f3pez y de la Delegaci\u00f3n con Sede en nuestra Provincia, que en relaci\u00f3n a los trascendidos medi\u00e1ticos en lo que respecta a las partidas nacionales para las obras sociales que van dirigidas a los prestadores que atienden a personas con discapacidad, se nos ha informado desde la Superintendencia de Servicios de Salud, que no existe ning\u00fan recorte presupuestario, ni tampoco decisi\u00f3n de ajuste alguno por parte del Gobierno Nacional. No obstante, lo cual y para tranquilidad y garant\u00eda de todas las familias que deben enfrentar situaciones diarias que se relacionan con personas con deficiencias f\u00edsicas, mentales, intelectuales o sensoriales y para que no se vean obligadas a sortear dificultades con sus terapeutas y profesionales, se les sugiri\u00f3 que ante cualquier inconveniente, pueden concurrir personalmente a la Sede de la Defensor\u00eda del Pueblo sito en calle Padre Pati\u00f1o de 8:00 a 13:00 o de 18:00 a 20:00 horas y\/o comunicarse a los correos electr\u00f3nicos Institucionales denuncia@formosa.gov.ar \u2013 depuefor@fibertel.com.ar y\/o al 0800 444 1770, donde ser\u00e1n atendidos frente a cualquier inconveniente. En este mismo sentido, la Superintendencia de Servicios de Salud y ANDIS constituyeron una Mesa de Trabajo conjunta para resolver situaciones espec\u00edficas de pagos a prestadores para resolver todas aquellas situaciones espec\u00edficas de pagos a los mismos. En este sentido, la SSSalud y ANDIS anunciaron que las transferencias de la Administraci\u00f3n Federal de Ingresos P\u00fablicos (AFIP) a Obras Sociales nacionales se encuentran regularizadas y que el programa Incluir Salud est\u00e1 realizando sus pagos regularmente. Adem\u00e1s, la SSSalud y ANDIS invitaron a los prestadores independientes \u2013 acompa\u00f1antes terap\u00e9uticos, psic\u00f3logos\/as, psicopedagogo\/as, maestros\/as de apoyo, entre otros &#8211; a formar parte de la pr\u00f3xima reuni\u00f3n del Directorio \u00danico de Prestaciones B\u00e1sicas en Discapacidad para que puedan abordarse situaciones espec\u00edficas de este sector. Por otra parte, tambi\u00e9n se convocar\u00e1 a los gobiernos provinciales para avanzar en soluciones a los reclamos vinculados con las obras sociales de todas las jurisdicciones que no son financiadas ni reguladas por el Estado Nacional. Se destac\u00f3 que la discapacidad en su conjunto es una prioridad del Gobierno Nacional; prueba de ello es que se ha incrementado el flujo de fondos para el financiamiento del sistema de prestaciones. Esto permiti\u00f3 que el nomenclador que regula el valor de los aranceles que reciben los profesionales y los pagos por prestaciones de servicios, hayan tenido un aumento acumulado de 320% desde el 2019. En lo que respecta al \u00faltimo per\u00edodo facturado (junio), y que se encuentra en proceso de pago, se comunica que, del total de las Obras Sociales, 216 ya percibieron el 100%, 16 recibieron entre un 99%y un 50%, 12 de ellas entre un 49% y un 30%, y el resto (13) entre un 29% y un 0%. Asimismo, es pertinente informar que mensualmente se destinan $ 10.000.000.000 (diez mil millones de pesos), a 93 mil beneficiarios con discapacidad, para el pago de dichas prestaciones. Estas erogaciones son financiadas a trav\u00e9s del Fondo Solidario que se nutre de los aportes y contribuciones de los trabajadores y las trabajadoras (Ley 23.661), y que se encuentra fuera del presupuesto nacional, exento de ajustes o modificaciones y sujeto a la recaudaci\u00f3n a cargo de la AFIP, protegido por ley. Por otro lado, en relaci\u00f3n a los per\u00edodos 2020, 2021 y 2022, la Superintendencia de Servicios de Salud de la Naci\u00f3n, como organismo de control, valid\u00f3 60.000 facturas mensuales de 45.000 prestadores. Esto implica un total de 1.900.000 facturas, de las cuales solamente 3.000 fueron reclamadas por los prestadores, lo que equivale al 0,15% del total.<\/p>\n<p>&nbsp;<\/p>\n","protected":false},"excerpt":{"rendered":"<p>Gialluca llam\u00f3 a ser objetivos y responsables al momento de abordar esta tem\u00e1tica y sugiri\u00f3 a las madres y padres que enfrenten alguna demora o falta de atenci\u00f3n de terapeutas y profesionales, que se acerquen o contacten con la Defensor\u00eda del Pueblo-<\/p>\n","protected":false},"author":1,"featured_media":13626,"comment_status":"closed","ping_status":"closed","sticky":false,"template":"","format":"standard","meta":{"footnotes":""},"categories":[3],"tags":[],"class_list":["post-13625","post","type-post","status-publish","format-standard","has-post-thumbnail","hentry","category-defensa-de-los-derechos-del-usuario-consumidor-contribuyentes"],"_links":{"self":[{"href":"https:\/\/defensoriaformosa.gob.ar\/index.php?rest_route=\/wp\/v2\/posts\/13625","targetHints":{"allow":["GET"]}}],"collection":[{"href":"https:\/\/defensoriaformosa.gob.ar\/index.php?rest_route=\/wp\/v2\/posts"}],"about":[{"href":"https:\/\/defensoriaformosa.gob.ar\/index.php?rest_route=\/wp\/v2\/types\/post"}],"author":[{"embeddable":true,"href":"https:\/\/defensoriaformosa.gob.ar\/index.php?rest_route=\/wp\/v2\/users\/1"}],"replies":[{"embeddable":true,"href":"https:\/\/defensoriaformosa.gob.ar\/index.php?rest_route=%2Fwp%2Fv2%2Fcomments&post=13625"}],"version-history":[{"count":1,"href":"https:\/\/defensoriaformosa.gob.ar\/index.php?rest_route=\/wp\/v2\/posts\/13625\/revisions"}],"predecessor-version":[{"id":13627,"href":"https:\/\/defensoriaformosa.gob.ar\/index.php?rest_route=\/wp\/v2\/posts\/13625\/revisions\/13627"}],"wp:featuredmedia":[{"embeddable":true,"href":"https:\/\/defensoriaformosa.gob.ar\/index.php?rest_route=\/wp\/v2\/media\/13626"}],"wp:attachment":[{"href":"https:\/\/defensoriaformosa.gob.ar\/index.php?rest_route=%2Fwp%2Fv2%2Fmedia&parent=13625"}],"wp:term":[{"taxonomy":"category","embeddable":true,"href":"https:\/\/defensoriaformosa.gob.ar\/index.php?rest_route=%2Fwp%2Fv2%2Fcategories&post=13625"},{"taxonomy":"post_tag","embeddable":true,"href":"https:\/\/defensoriaformosa.gob.ar\/index.php?rest_route=%2Fwp%2Fv2%2Ftags&post=13625"}],"curies":[{"name":"wp","href":"https:\/\/api.w.org\/{rel}","templated":true}]}}