{"id":13618,"date":"2022-09-08T21:56:10","date_gmt":"2022-09-09T00:56:10","guid":{"rendered":"https:\/\/defensoriaformosa.gob.ar\/?p=13618"},"modified":"2022-09-09T21:59:00","modified_gmt":"2022-09-10T00:59:00","slug":"afirman-que-la-segmentacion-tarifaria-producira-fuertes-inequidades-por-lo-que-proponen-deducciones-en-varios-casos","status":"publish","type":"post","link":"https:\/\/defensoriaformosa.gob.ar\/?p=13618","title":{"rendered":"AFIRMAN QUE LA SEGMENTACION TARIFARIA PRODUCIRA FUERTES INEQUIDADES POR LO QUE PROPONEN DEDUCCIONES EN VARIOS CASOS"},"content":{"rendered":"<p>El Defensor del Pueblo de la Provincia de Formosa, Dr. Jos\u00e9 Leonardo Gialluca, se\u00f1al\u00f3 que, sin entrar a discutir los distintos Niveles 1, 2, 3, establecidos para encuadrar a los usuarios seg\u00fan sus ingresos para la segmentaci\u00f3n tarifaria, en el entendimiento de que la misma originar\u00e1 fuertes inequidades e imposibilidades del pago de las facturas de un servicio p\u00fablico energ\u00e9tico esencial o la afectaci\u00f3n de un alto porcentaje de los ingresos de los grupos familiares que deber\u00e1n ser destinados a cubrir los mayores costos, se propuso a la actual Secretaria de Energ\u00eda Flavia Roy\u00f3n, se pueda deducir tanto de los alquileres y otros gastos esenciales de los ingresos que han sido declarados por cada grupo familiar y de esta manera, mitigar los aumentos que se ver\u00e1n reflejados en las facturas que emitan las distribuidoras.<\/p>\n<p><!--more--><\/p>\n<p>Esto, toda vez que, el Decreto N\u00ba 333\/22 establece que, aquellos hogares que ingresen en el Nivel 1, pagar\u00e1n la tarifa plena y los del Nivel 3, ir\u00e1n perdiendo progresivamente los subsidios nacionales. Para atenuar esta situaci\u00f3n, es que, \u201cproponemos establecer una serie de deducciones sobre los ingresos familiares, tal como est\u00e1n contemplados para determinar la renta gravada en el impuesto a las ganancias\u201d. En el caso de 1) Vivienda: deducci\u00f3n del canon locativo mensual de la vivienda (\u00fanica y de ocupaci\u00f3n permanente) alquilada por el grupo familiar o alguno de sus integrantes, o deducci\u00f3n de la cuota total del cr\u00e9dito hipotecario contra\u00eddo para la adquisici\u00f3n o construcci\u00f3n de vivienda \u00fanica y de ocupaci\u00f3n permanente por el grupo familiar, que son los que en alg\u00fan momento han tomado los sectores denominados de clase media y que hoy esta segmentaci\u00f3n tarifaria los vendr\u00e1 a perjudicar gravemente en sus econom\u00edas dom\u00e9sticas. 2) Salud: deducci\u00f3n de las sumas abonadas con destino a obras sociales o medicina prepaga correspondientes al beneficiario\/a y a las personas que revistan para el mismo car\u00e1cter de cargas de familia, para aquellos sujetos cuya cobertura de salud no es descontada obligatoriamente por su empleador de la remuneraci\u00f3n bruta total. 3) Seguridad social: deducci\u00f3n del monto mensual aportado para fondos de jubilaciones o pensiones que se destinen a cajas previsionales (incluidas las de previsi\u00f3n para profesionales), respecto de aquellos sujetos que no sufran dicho porcentaje deducido de su remuneraci\u00f3n bruta mensual. Gialluca record\u00f3 que, el Estado Nacional debe velar por la continuidad, universalidad y accesibilidad de los servicios p\u00fablicos, ponderando la realidad econ\u00f3mica, social de los afectados por la segmentaci\u00f3n tarifaria, con especial atenci\u00f3n a los grupos familiares que sufrir\u00e1n y ser\u00e1n objetos de quita de los subsidios nacionales, evitando de esta manera que por la elevada cuant\u00eda que debieran pagar, se pueda hasta calificar a este programa nacional, como de naturaleza confiscatoria, en tanto y cuanto, en los hechos determine que una porci\u00f3n irrazonable de los ingresos del grupo familiar, sean destinados a pagar un servicio p\u00fablico esencial como es la energ\u00eda el\u00e9ctrica, \u201cm\u00e1s a\u00fan en Provincias como Formosa, la cual es electrodependiente y no posee gas por redes\u201d.<\/p>\n<p>&nbsp;<\/p>\n","protected":false},"excerpt":{"rendered":"<p>El Defensor del Pueblo de la Provincia de Formosa, Dr. Jos\u00e9 Leonardo Gialluca, se\u00f1al\u00f3 que, sin entrar a discutir los distintos Niveles 1, 2, 3, establecidos para encuadrar a los usuarios seg\u00fan sus ingresos para la segmentaci\u00f3n tarifaria, en el entendimiento de que la misma originar\u00e1 fuertes inequidades e imposibilidades del pago de las facturas [&hellip;]<\/p>\n","protected":false},"author":1,"featured_media":13619,"comment_status":"closed","ping_status":"closed","sticky":false,"template":"","format":"standard","meta":{"footnotes":""},"categories":[3],"tags":[],"class_list":["post-13618","post","type-post","status-publish","format-standard","has-post-thumbnail","hentry","category-defensa-de-los-derechos-del-usuario-consumidor-contribuyentes"],"_links":{"self":[{"href":"https:\/\/defensoriaformosa.gob.ar\/index.php?rest_route=\/wp\/v2\/posts\/13618","targetHints":{"allow":["GET"]}}],"collection":[{"href":"https:\/\/defensoriaformosa.gob.ar\/index.php?rest_route=\/wp\/v2\/posts"}],"about":[{"href":"https:\/\/defensoriaformosa.gob.ar\/index.php?rest_route=\/wp\/v2\/types\/post"}],"author":[{"embeddable":true,"href":"https:\/\/defensoriaformosa.gob.ar\/index.php?rest_route=\/wp\/v2\/users\/1"}],"replies":[{"embeddable":true,"href":"https:\/\/defensoriaformosa.gob.ar\/index.php?rest_route=%2Fwp%2Fv2%2Fcomments&post=13618"}],"version-history":[{"count":1,"href":"https:\/\/defensoriaformosa.gob.ar\/index.php?rest_route=\/wp\/v2\/posts\/13618\/revisions"}],"predecessor-version":[{"id":13620,"href":"https:\/\/defensoriaformosa.gob.ar\/index.php?rest_route=\/wp\/v2\/posts\/13618\/revisions\/13620"}],"wp:featuredmedia":[{"embeddable":true,"href":"https:\/\/defensoriaformosa.gob.ar\/index.php?rest_route=\/wp\/v2\/media\/13619"}],"wp:attachment":[{"href":"https:\/\/defensoriaformosa.gob.ar\/index.php?rest_route=%2Fwp%2Fv2%2Fmedia&parent=13618"}],"wp:term":[{"taxonomy":"category","embeddable":true,"href":"https:\/\/defensoriaformosa.gob.ar\/index.php?rest_route=%2Fwp%2Fv2%2Fcategories&post=13618"},{"taxonomy":"post_tag","embeddable":true,"href":"https:\/\/defensoriaformosa.gob.ar\/index.php?rest_route=%2Fwp%2Fv2%2Ftags&post=13618"}],"curies":[{"name":"wp","href":"https:\/\/api.w.org\/{rel}","templated":true}]}}