{"id":13615,"date":"2022-09-09T21:55:44","date_gmt":"2022-09-10T00:55:44","guid":{"rendered":"https:\/\/defensoriaformosa.gob.ar\/?p=13615"},"modified":"2022-09-09T21:55:44","modified_gmt":"2022-09-10T00:55:44","slug":"reunion-de-trabajo-en-la-defensoria-del-pueblo-con-el-sindicato-de-prensa-de-formosa-los-discursos-de-odio-deben-ser-incompatibles-con-los-medios-y-comunicadores-que-les-sirvan-de-cauce-y-que-se-conv","status":"publish","type":"post","link":"https:\/\/defensoriaformosa.gob.ar\/?p=13615","title":{"rendered":"REUNION DE TRABAJO EN LA DEFENSORIA DEL PUEBLO CON EL SINDICATO DE PRENSA DE FORMOSA -LOS DISCURSOS DE ODIO DEBEN SER INCOMPATIBLES CON LOS MEDIOS Y COMUNICADORES QUE LES SIRVAN DE CAUCE Y QUE SE CONVIERTEN EN LOS SEMILLEROS DE ACCIONES CONCRETAS QUE LLEGAN A LA VIOLENCIA F\u00cdSICA-"},"content":{"rendered":"<p>-Se acord\u00f3 impulsar Cursos de Capacitaci\u00f3n con el objetivo de optimizar los modos y formas en que se comunican desde los medios los hechos hacia la ciudadan\u00eda-<\/p>\n<p><!--more--><br \/>\nEl Defensor del Pueblo de la Provincia de Formosa, Dr. Jos\u00e9 Leonardo Gialluca, acompa\u00f1ado de las Dras. Lourdes Delgadillo, Ana Laura G\u00f3mez y Ornella Barraza, recibi\u00f3 en la Sede del Organismo de la Constituci\u00f3n al Secretario General Ricardo Dom\u00ednguez, Secretaria Adjunta Dolores Fleitas y al Secretario Gremial Vicente Covis, integrantes de SIPREFOR -Sindicato de Prensa de Formosa-, quienes suscribieron un documento como consecuencia de las expresiones de odio y agraviantes que se utilizan sin medir consecuencias en los diversos medios de comunicaci\u00f3n. Por ello, se se\u00f1al\u00f3 que, en los \u00faltimos d\u00edas todo el arco pol\u00edtico, judicial, medi\u00e1tico, cultural y religioso de nuestro pa\u00eds, \u201cha instalado la necesidad de impulsar un proyecto de ley para intervenir en los permanentes discursos de odio, que se propagan a trav\u00e9s de los medios y redes sociales\u201d. En este sentido, ante la inestabilidad social, econ\u00f3mica y pol\u00edtica que se vive, entendemos que el plexo normativo nacional, no requiere en principio, de ninguna nueva legislaci\u00f3n en este sentido. Lo que si es necesario es ampliar el debate democr\u00e1tico y con car\u00e1cter federal para que el odio no sea parte de los medios que le sirven de canales, pues ha quedado demostrado que \u201cde las palabras violentas a los hechos violentos el tramo es breve y ocasiona reacciones inevitables\u201d. Es que, desde la Ley de la Defensa de la Democracia 23.077 de Ra\u00fal Alfons\u00edn, pasando por nuestro C\u00f3digo Penal, la Ley de Discriminaci\u00f3n 23.592, la Ley de Medios 26.522, la Ley Concientizaci\u00f3n sobre la Violencia de G\u00e9nero 27.410, contemplan estas lamentables situaciones y por ello es necesario que la Ley Micaela que naci\u00f3 para capacitar y sensibilizar al personal del Estado en materia de g\u00e9nero, debe llegar tambi\u00e9n a los periodistas y comunicadores sociales. Desde el a\u00f1o 2017, el Estado Nacional, Provinciales y Municipales reciben capacitaciones en materia de g\u00e9nero en todos sus estratos, para personal de todos los sectores. Claro que no es lo mismo aplicar la Ley Micaela al Estado que proyectar llevarla a los medios de comunicaci\u00f3n, que en su mayor\u00eda son empresas y que en algunos casos son fuertes multimedios que poseen diversos intereses, ya sea de \u00edndole econ\u00f3mico, pol\u00edtico, cultural o social. Es por ello que, \u201ctodos los d\u00edas y en la mayor\u00eda de los medios, se escuchan y observan, frases, afirmaciones o preguntas peyorativas y hasta insultantes, sin que se mida para nada, las consecuencias que pueden generar a quienes est\u00e1n dirigidas o en terceras personas. Se record\u00f3 que es necesario defender con todas nuestras fuerzas y herramientas legales la libertad de expresi\u00f3n, pero tambi\u00e9n no podemos olvidarnos que, en la Argentina, -ning\u00fan Derecho es Absoluto-. Insultar, agraviar, despreciar, marginar, vilipendiar gratuitamente a trav\u00e9s de los medios de comunicaci\u00f3n, no puede seguir sucediendo y por ello apostamos por la erradicaci\u00f3n del odio en los mismos en hacer cumplir, con la legislaci\u00f3n existente y vigente en nuestro derecho positivo y apelar a lo que establece el Art. 213 del C\u00f3digo Penal que apunta contra quienes tienen la intenci\u00f3n deliberada de confundir a la sociedad. Como as\u00ed tambi\u00e9n tener en cuenta lo prescripto en el Art. 209 del C.P.A.: \u201cEl que p\u00fablicamente instigare a cometer un delito determinado contra una persona o instituci\u00f3n, ser\u00e1 reprimido, por la sola instigaci\u00f3n, con prisi\u00f3n de dos a seis a\u00f1os, seg\u00fan la gravedad del delito y las dem\u00e1s circunstancias establecidas en el art\u00edculo 41. El bien jur\u00eddico por excelencia, es el mantenimiento del orden p\u00fablico, considerando a tal como la limitaci\u00f3n a la pretensi\u00f3n punitiva estatal y la correcta aplicaci\u00f3n de la interpretaci\u00f3n de las normas penales. Reencausar la convivencia democr\u00e1tica, sin especulaciones de ninguna naturaleza, a un a\u00f1o del 40\u00ba Aniversario del Retorno a la Democracia, tenemos la obligaci\u00f3n a partir del quiebre que marc\u00f3 el intento de asesinato de la Vicepresidenta de la Naci\u00f3n, de no generar mayor incertidumbre en la ciudadan\u00eda, toda vez que la violencia ahora, \u201cya no es simb\u00f3lica, sino real\u201d y as\u00ed todos los sectores, entre ellos los medios de comunicaci\u00f3n deben ser muy prudentes y dejar de lado mensajes directos o subliminales que se relacione con cualquier clase de violencia, sin que ello signifique que para obtener una verdadera convivencia democr\u00e1tica, esta \u00faltima sea \u00fanicamente un tema comunicacional.<\/p>\n<p>&nbsp;<\/p>\n","protected":false},"excerpt":{"rendered":"<p>-Se acord\u00f3 impulsar Cursos de Capacitaci\u00f3n con el objetivo de optimizar los modos y formas en que se comunican desde los medios los hechos hacia la ciudadan\u00eda-<\/p>\n","protected":false},"author":1,"featured_media":13616,"comment_status":"closed","ping_status":"closed","sticky":false,"template":"","format":"standard","meta":{"footnotes":""},"categories":[1],"tags":[],"class_list":["post-13615","post","type-post","status-publish","format-standard","has-post-thumbnail","hentry","category-noticias"],"_links":{"self":[{"href":"https:\/\/defensoriaformosa.gob.ar\/index.php?rest_route=\/wp\/v2\/posts\/13615","targetHints":{"allow":["GET"]}}],"collection":[{"href":"https:\/\/defensoriaformosa.gob.ar\/index.php?rest_route=\/wp\/v2\/posts"}],"about":[{"href":"https:\/\/defensoriaformosa.gob.ar\/index.php?rest_route=\/wp\/v2\/types\/post"}],"author":[{"embeddable":true,"href":"https:\/\/defensoriaformosa.gob.ar\/index.php?rest_route=\/wp\/v2\/users\/1"}],"replies":[{"embeddable":true,"href":"https:\/\/defensoriaformosa.gob.ar\/index.php?rest_route=%2Fwp%2Fv2%2Fcomments&post=13615"}],"version-history":[{"count":1,"href":"https:\/\/defensoriaformosa.gob.ar\/index.php?rest_route=\/wp\/v2\/posts\/13615\/revisions"}],"predecessor-version":[{"id":13617,"href":"https:\/\/defensoriaformosa.gob.ar\/index.php?rest_route=\/wp\/v2\/posts\/13615\/revisions\/13617"}],"wp:featuredmedia":[{"embeddable":true,"href":"https:\/\/defensoriaformosa.gob.ar\/index.php?rest_route=\/wp\/v2\/media\/13616"}],"wp:attachment":[{"href":"https:\/\/defensoriaformosa.gob.ar\/index.php?rest_route=%2Fwp%2Fv2%2Fmedia&parent=13615"}],"wp:term":[{"taxonomy":"category","embeddable":true,"href":"https:\/\/defensoriaformosa.gob.ar\/index.php?rest_route=%2Fwp%2Fv2%2Fcategories&post=13615"},{"taxonomy":"post_tag","embeddable":true,"href":"https:\/\/defensoriaformosa.gob.ar\/index.php?rest_route=%2Fwp%2Fv2%2Ftags&post=13615"}],"curies":[{"name":"wp","href":"https:\/\/api.w.org\/{rel}","templated":true}]}}