{"id":13601,"date":"2022-09-01T19:17:36","date_gmt":"2022-09-01T22:17:36","guid":{"rendered":"https:\/\/defensoriaformosa.gob.ar\/?p=13601"},"modified":"2022-09-01T19:17:36","modified_gmt":"2022-09-01T22:17:36","slug":"denuncian-improvisacion-y-falta-de-informacion-en-la-aplicacion-de-la-segmentacion-tarifaria","status":"publish","type":"post","link":"https:\/\/defensoriaformosa.gob.ar\/?p=13601","title":{"rendered":"DENUNCIAN IMPROVISACI\u00d3N Y FALTA DE INFORMACI\u00d3N EN LA APLICACI\u00d3N DE LA SEGMENTACI\u00d3N TARIFARIA"},"content":{"rendered":"<p>&#8211; Gialluca afirm\u00f3 que la Secretar\u00eda de Energ\u00eda deber\u00eda sincerarse y decir lo que ya sabemos que habr\u00e1 un fuerte aumento de tarifas y no una redistribuci\u00f3n de los subsidios &#8211;<\/p>\n<p><!--more--><br \/>\nEl Defensor del Pueblo de la Provincia de Formosa, Dr. Jos\u00e9 Leonardo Gialluca, denunci\u00f3 que existe una gran improvisaci\u00f3n por parte de la Secretar\u00eda de Energ\u00eda de Naci\u00f3n en cuanto a la aplicaci\u00f3n e implementaci\u00f3n de la Segmentaci\u00f3n Tarifaria, ya que \u201cpareciera que quieren confundir a la gente diciendo que lo que existe es una redistribuci\u00f3n de subsidios, cuando en realidad lo que est\u00e1n aplicando es un fuerte aumento tarifario que impactar\u00e1 directamente en el bolsillo de los usuarios residenciales, quienes a su vez son consumidores y tambi\u00e9n deber\u00e1n soportar con seguridad el traslado de los mayores costos energ\u00e9ticos aplicables a los comercios, cuando adquieran alg\u00fan bien o servicio\u201d. Se hace necesario que todos los usuarios de Formosa, conozcan que las facturas que est\u00e1n recibiendo actualmente desde REFSA son de consumos que se produjeron antes del mes de setiembre y vencen este mes. Asimismo, al no contar la distribuidora con las bases de datos para determinar quienes son los usuarios segmentados y en que grupo se los va a encuadrar, a\u00fan resta todo un trabajo y gestiones administrativas desde el EROSP y la empresa distribuidora, \u201csiendo preocupante entonces que la Secretar\u00eda de Energ\u00eda de Naci\u00f3n a cargo de Flavia Roy\u00f3n pretenda trasladar responsabilidades al Gobierno Provincial, originando a la vez una gran incertidumbre en los usuarios, por su directa improvisaci\u00f3n y falta de informaci\u00f3n para que las distribuidoras provinciales las procesen y de esta manera se implemente un sistema que debe reconfigurarse\u201d. Gialluca, afirm\u00f3, que si bien la Secretar\u00eda de Energ\u00eda de Naci\u00f3n public\u00f3 los nuevos precios de referencia estacionales de la energ\u00eda mayorista para los usuarios de altos ingresos, todav\u00eda nada se sabe sobre los valores del resto de los niveles, esto es del 2 y del 3 que son los m\u00e1s amplios e importantes para nosotros. En este sentido, el funcionario provincial afirm\u00f3 que reci\u00e9n a fines de octubre principios de noviembre podemos tener la informaci\u00f3n sobre los incrementos en las facturas y si bien se piensa aplicar una segmentaci\u00f3n del 20%, luego en diciembre-enero ser\u00eda de un 40% y as\u00ed sucesivamente, pero la Secretar\u00eda de Energ\u00eda no est\u00e1 estableciendo, ni informa sobre el valor que van a cobrar y que van a tener que pagar los usuarios. En relaci\u00f3n a los topes de consumo, es otro punto que est\u00e1 pendiente de resoluci\u00f3n toda vez que los Gobernadores del Norte Grande han solicitado que para el verano se adecuen los mismos por arriba de los 750 Kw. Lo que s\u00ed podemos advertir es que como todo el proceso de la segmentaci\u00f3n tarifaria no est\u00e1 terminado, \u201cno podr\u00e1 ser aplicada retroactivamente en ninguno de los niveles establecidos\u201d. Por \u00faltimo, el Ombudsman Provincial record\u00f3 que hace a\u00f1os las empresas generadoras de energ\u00eda en Argentina fueron privatizadas y que las mismas facturan en d\u00f3lares, siendo los precios libres, desde el 2.001 tuvimos el 1 a 1 pero cada vez que se realice un aumento tarifario debe existir una Audiencia P\u00fablica y en relaci\u00f3n al transporte en todo el pa\u00eds es competencia y materia que regula el ENRE.<\/p>\n","protected":false},"excerpt":{"rendered":"<p>&#8211; Gialluca afirm\u00f3 que la Secretar\u00eda de Energ\u00eda deber\u00eda sincerarse y decir lo que ya sabemos que habr\u00e1 un fuerte aumento de tarifas y no una redistribuci\u00f3n de los subsidios &#8211;<\/p>\n","protected":false},"author":1,"featured_media":13602,"comment_status":"closed","ping_status":"closed","sticky":false,"template":"","format":"standard","meta":{"footnotes":""},"categories":[3],"tags":[],"class_list":["post-13601","post","type-post","status-publish","format-standard","has-post-thumbnail","hentry","category-defensa-de-los-derechos-del-usuario-consumidor-contribuyentes"],"_links":{"self":[{"href":"https:\/\/defensoriaformosa.gob.ar\/index.php?rest_route=\/wp\/v2\/posts\/13601","targetHints":{"allow":["GET"]}}],"collection":[{"href":"https:\/\/defensoriaformosa.gob.ar\/index.php?rest_route=\/wp\/v2\/posts"}],"about":[{"href":"https:\/\/defensoriaformosa.gob.ar\/index.php?rest_route=\/wp\/v2\/types\/post"}],"author":[{"embeddable":true,"href":"https:\/\/defensoriaformosa.gob.ar\/index.php?rest_route=\/wp\/v2\/users\/1"}],"replies":[{"embeddable":true,"href":"https:\/\/defensoriaformosa.gob.ar\/index.php?rest_route=%2Fwp%2Fv2%2Fcomments&post=13601"}],"version-history":[{"count":1,"href":"https:\/\/defensoriaformosa.gob.ar\/index.php?rest_route=\/wp\/v2\/posts\/13601\/revisions"}],"predecessor-version":[{"id":13603,"href":"https:\/\/defensoriaformosa.gob.ar\/index.php?rest_route=\/wp\/v2\/posts\/13601\/revisions\/13603"}],"wp:featuredmedia":[{"embeddable":true,"href":"https:\/\/defensoriaformosa.gob.ar\/index.php?rest_route=\/wp\/v2\/media\/13602"}],"wp:attachment":[{"href":"https:\/\/defensoriaformosa.gob.ar\/index.php?rest_route=%2Fwp%2Fv2%2Fmedia&parent=13601"}],"wp:term":[{"taxonomy":"category","embeddable":true,"href":"https:\/\/defensoriaformosa.gob.ar\/index.php?rest_route=%2Fwp%2Fv2%2Fcategories&post=13601"},{"taxonomy":"post_tag","embeddable":true,"href":"https:\/\/defensoriaformosa.gob.ar\/index.php?rest_route=%2Fwp%2Fv2%2Ftags&post=13601"}],"curies":[{"name":"wp","href":"https:\/\/api.w.org\/{rel}","templated":true}]}}