{"id":13597,"date":"2022-08-31T16:12:09","date_gmt":"2022-08-31T19:12:09","guid":{"rendered":"https:\/\/defensoriaformosa.gob.ar\/?p=13597"},"modified":"2022-08-31T16:12:09","modified_gmt":"2022-08-31T19:12:09","slug":"se-solicito-informes-al-director-ejecutivo-de-la-agencia-nacional-de-discapacidad","status":"publish","type":"post","link":"https:\/\/defensoriaformosa.gob.ar\/?p=13597","title":{"rendered":"SE SOLICIT\u00d3 INFORMES AL DIRECTOR EJECUTIVO DE LA AGENCIA NACIONAL DE DISCAPACIDAD"},"content":{"rendered":"<p>Afirman que los atrasos en los pagos a las obras sociales por las prestaciones en discapacidad se estar\u00edan regularizando en el d\u00eda de la fecha y que en agosto se otorg\u00f3 un incremento del 25% en los valores arancelarios, lo que consolida a setiembre un aumento del 69%. Gialluca, se\u00f1al\u00f3 que el tema de discapacidad es siempre sensible y por ello queremos tener la informaci\u00f3n necesaria para llevar tranquilidad a los padres de ni\u00f1as y ni\u00f1os con discapacidad y record\u00f3 que Argentina cuenta con las leyes 22.431 y 24.901 que establecen como debe funcionar el Sistema de Atenci\u00f3n a Personas con Discapacidad y cu\u00e1les son los Organismos encargados de financiar esas prestaciones, por ello las obras sociales a trav\u00e9s de un fondo solidario, que se conforma con los aportes de cada trabajador en blanco y con un mecanismo de reintegro se recupera lo que las obras sociales dan por esas prestaciones. Una retenci\u00f3n por parte de la AFIP, habr\u00eda generado un atraso en el pago a las obras sociales repercutiendo directamente en un recorte a los trabajadores de personas con discapacidad. &#8211;<\/p>\n<p><!--more--><\/p>\n<p>El Defensor del Pueblo de la Provincia de Formosa, Dr. Jos\u00e9 Leonardo Gialluca, solicit\u00f3 formalmente al Director Ejecutivo de la Agencia Nacional de Discapacidad (ANDIS) Fernando Galarraga, un informe documentadamente si existen o no atrasos en los pagos en las prestaciones que se financian desde la Superintendencia de Servicios de Salud y las Obras Sociales, toda vez que distintos actores que trabajan con personas con discapacidad: transportistas, profesionales, fonoaudi\u00f3logos, psicomotricistas, instituciones y hogares de integraci\u00f3n, denuncian recortes en el sector del colectivo de discapacidad y falta de pago de los servicios. Todo esto fundado en que desde el Ministerio de Econom\u00eda, expresaron en un comunicado que las modificaciones presupuestarias no afectan a ese grupo de personas; aclarando este martes que las \u00abmodificaciones administrativas tomadas por subejecuci\u00f3n presupuestaria en algunos sectores\u00bb no afectan a la atenci\u00f3n de las personas con discapacidades.<br \/>\nPor lo tanto, este Ministerio no es responsable de la falta y atrasos de pagos que aducen algunos prestadores, y ser\u00e1 responsabilidad de las jurisdicciones correspondientes dar las explicaciones del caso. Por su parte, el Director Ejecutivo de la Agencia Nacional de Discapacidad (Andis), Fernando Galarraga, afirm\u00f3 que \u00abel cumplimiento de la atenci\u00f3n integral a las personas con discapacidad es una prioridad para el Gobierno nacional\u00bb, en respuesta a familiares y prestadores que llevan adelante un acampe en la Plaza de Mayo. Desde el 2019 hasta ahora redujimos los plazos de pago a los prestadores de 90 a 45 d\u00edas. El tema de discapacidad es siempre sensible y preocupa a las familias y por eso desde el Gobierno Nacional queremos llevar tranquilidad: el atraso que se produjo en los pagos a las obras sociales por las prestaciones en discapacidad se est\u00e1 regularizando desde hoy. El atraso de una semana que se gener\u00f3 en los pagos en las prestaciones que se financian desde la Superintendencia de Servicios de Salud y obras sociales se debi\u00f3 a inconvenientes administrativos y ya fueron solucionados. Galarraga detall\u00f3 que el mecanismo de integraci\u00f3n establece que \u00abla Superintendencia informa a la AFIP los totales liquidados asignados a cada Obra Social y luego AFIP procede a acopiar de la cuenta recaudadora los recursos necesarios para cubrir dicha erogaci\u00f3n\u00bb. Dicho proceso se encuentra en curso dada la din\u00e1mica de la recaudaci\u00f3n, para que el organismo recaudador proceda a acreditar la suma total a cada Obra Social y se efect\u00faen los pagos de las prestaciones b\u00e1sicas destinadas a personas con discapacidad. Inform\u00f3, tambi\u00e9n, que \u00abadicionalmente, hemos dispuesto que Directores de Andis atiendan y se pongan a disposici\u00f3n para agilizar las gestiones m\u00e1s urgentes de los prestadores\u00bb, y record\u00f3 que cuando asumimos nuestra responsabilidad, en 2020, muchos de los prestadores estaban fundidos y llevaban m\u00e1s de 6 meses de atraso en recibir sus pagos, nosotros los pusimos al d\u00eda y les hemos dado un incremento del 231%. En agosto hemos dado un incremento del 25% en los valores arancelarios, lo que consolida a septiembre un incremento del 69%, por encima de la inflaci\u00f3n, junto con otras importantes medidas como los avances en el Certificado \u00danico de Discapacidad, el Plan AccesAR ( tiene como objetivo apoyar a los gobiernos municipales en la institucionalizaci\u00f3n, jerarquizaci\u00f3n y ordenamiento de pol\u00edticas p\u00fablicas en materia de discapacidad) y la asignaci\u00f3n de pensiones son posibles porque se pone a la discapacidad en el centro de la agenda p\u00fablica.<\/p>\n","protected":false},"excerpt":{"rendered":"<p>Afirman que los atrasos en los pagos a las obras sociales por las prestaciones en discapacidad se estar\u00edan regularizando en el d\u00eda de la fecha y que en agosto se otorg\u00f3 un incremento del 25% en los valores arancelarios, lo que consolida a setiembre un aumento del 69%. Gialluca, se\u00f1al\u00f3 que el tema de discapacidad [&hellip;]<\/p>\n","protected":false},"author":1,"featured_media":13598,"comment_status":"closed","ping_status":"closed","sticky":false,"template":"","format":"standard","meta":{"footnotes":""},"categories":[3],"tags":[],"class_list":["post-13597","post","type-post","status-publish","format-standard","has-post-thumbnail","hentry","category-defensa-de-los-derechos-del-usuario-consumidor-contribuyentes"],"_links":{"self":[{"href":"https:\/\/defensoriaformosa.gob.ar\/index.php?rest_route=\/wp\/v2\/posts\/13597","targetHints":{"allow":["GET"]}}],"collection":[{"href":"https:\/\/defensoriaformosa.gob.ar\/index.php?rest_route=\/wp\/v2\/posts"}],"about":[{"href":"https:\/\/defensoriaformosa.gob.ar\/index.php?rest_route=\/wp\/v2\/types\/post"}],"author":[{"embeddable":true,"href":"https:\/\/defensoriaformosa.gob.ar\/index.php?rest_route=\/wp\/v2\/users\/1"}],"replies":[{"embeddable":true,"href":"https:\/\/defensoriaformosa.gob.ar\/index.php?rest_route=%2Fwp%2Fv2%2Fcomments&post=13597"}],"version-history":[{"count":1,"href":"https:\/\/defensoriaformosa.gob.ar\/index.php?rest_route=\/wp\/v2\/posts\/13597\/revisions"}],"predecessor-version":[{"id":13599,"href":"https:\/\/defensoriaformosa.gob.ar\/index.php?rest_route=\/wp\/v2\/posts\/13597\/revisions\/13599"}],"wp:featuredmedia":[{"embeddable":true,"href":"https:\/\/defensoriaformosa.gob.ar\/index.php?rest_route=\/wp\/v2\/media\/13598"}],"wp:attachment":[{"href":"https:\/\/defensoriaformosa.gob.ar\/index.php?rest_route=%2Fwp%2Fv2%2Fmedia&parent=13597"}],"wp:term":[{"taxonomy":"category","embeddable":true,"href":"https:\/\/defensoriaformosa.gob.ar\/index.php?rest_route=%2Fwp%2Fv2%2Fcategories&post=13597"},{"taxonomy":"post_tag","embeddable":true,"href":"https:\/\/defensoriaformosa.gob.ar\/index.php?rest_route=%2Fwp%2Fv2%2Ftags&post=13597"}],"curies":[{"name":"wp","href":"https:\/\/api.w.org\/{rel}","templated":true}]}}