{"id":13594,"date":"2022-08-29T16:22:21","date_gmt":"2022-08-29T19:22:21","guid":{"rendered":"https:\/\/defensoriaformosa.gob.ar\/?p=13594"},"modified":"2022-08-30T16:23:37","modified_gmt":"2022-08-30T19:23:37","slug":"se-solicito-reunion-con-el-titular-de-la-superintendencia-de-salud-frente-a-la-posibilidad-cierta-de-que-las-terapias-y-prestaciones-para-personas-con-discapacidad-no-se-brinden-con-normalidad","status":"publish","type":"post","link":"https:\/\/defensoriaformosa.gob.ar\/?p=13594","title":{"rendered":"SE SOLICITO REUNION CON EL TITULAR DE LA SUPERINTENDENCIA DE SALUD FRENTE A LA POSIBILIDAD CIERTA DE QUE LAS TERAPIAS Y PRESTACIONES PARA PERSONAS CON DISCAPACIDAD NO SE BRINDEN CON NORMALIDAD"},"content":{"rendered":"<p>Gialluca denunci\u00f3 que, el Gobierno Nacional ajusta en dos \u00c1reas altamente sensibles como la Salud y Educaci\u00f3n, lo que hace peligrar que las obras sociales estatales dependientes de la Superintendencia de Servicios de Salud, contin\u00faen trabajando en favor del colectivo de padres, ni\u00f1as\/os y j\u00f3venes con discapacidad; \u201cy por ello desde las Defensor\u00edas del Pueblo, exigiremos canales de di\u00e1logos permanentes y presentes con la Superintendencia, pues, las Delegaciones Provinciales, \u00fanicamente recepcionan los planteos y todos se resuelven en CABA-<\/p>\n<p><!--more--><\/p>\n<p>El Defensor del Pueblo de la Provincia de Formosa, Dr. Jos\u00e9 Leonardo Gialluca, inform\u00f3 que, otro de los puntos abordados en el III Plenario Anual de ADPRA llevado a cabo en Resistencia Provincia del Chaco, fue la propuesta de, \u201cuna urgente Reuni\u00f3n con el actual Titular de la Superintendencia de Servicios de Salud de Naci\u00f3n a cargo del Dr. Daniel Alejandro L\u00f3pez, propuesta que fue impulsada por la Defensor\u00eda del Pueblo de La Matanza y acompa\u00f1ada por los dem\u00e1s Titulares de Organismos de la Constituci\u00f3n\u201d. Es que, desde hace un tiempo a esta parte, venimos trabajando y gestionando intensamente en relaci\u00f3n al colectivo de ni\u00f1os y j\u00f3venes con discapacidad, donde las obras sociales dependientes de la Superintendencia de Servicios de Salud (SSS), no dan respuesta a las prestaciones de fonoaudi\u00f3logos, psicopedagogos, kinesi\u00f3logos, psic\u00f3logos, fisioterapeutas, transportistas, por falta de pago y adem\u00e1s por la no actualizaci\u00f3n del nomenclador nacional, a lo que se le suma el fuerte recorte por parte del Gobierno Nacional en el sector de salud, lo que repercute negativamente en padres de ni\u00f1as\/os y j\u00f3venes con discapacidad. La situaci\u00f3n se agrava m\u00e1s en las provincias del interior y empeora para aquellos que trabajan con obras sociales estatales dependientes de la Superintendencia de Servicios de Salud (SSS). La realidad es desesperante porque se cortan terapias, transportes, clases junto a maestras integradoras y tratamientos que mejoran la calidad de vida de las personas con discapacidad y ayudan a su estimulaci\u00f3n y desarrollo. Como contraparte, los prestadores explican que los ajustes del Gobierno Nacional en salud y educaci\u00f3n, llegan a unos $210 mil millones, de los cuales 50 mil millones corresponden a educaci\u00f3n y 10 mil millones a salud, todo esto en sinton\u00eda con el acuerdo pactado con el FMI. Todo esto se complicar\u00eda a\u00fan m\u00e1s, toda vez que las obras sociales est\u00e1n presionando para que se apruebe un DNU para que las prestaciones educativas dejen de depender de ellas y si esto sucede se va a complicar a\u00fan m\u00e1s todo el sistema, donde los ni\u00f1os con discapacidad precisan del transporte y acompa\u00f1antes terap\u00e9uticos en el aula. Se advirti\u00f3 adem\u00e1s que, el Estado Nacional sale al rescate de los sindicatos que administran las cajas de las obras sociales y que estas \u00faltimas saldr\u00edan de la \u00f3rbita de la Superintendencia de Salud y pasar\u00edan a depender de la Agencia Nacional de Discapacidad que tiene financiamiento directo del Tesoro Nacional, lo cual, va a afectar a prestaciones esenciales tanto educativas, alimentarias, transportes y otras.<\/p>\n<p>&nbsp;<\/p>\n","protected":false},"excerpt":{"rendered":"<p>Gialluca denunci\u00f3 que, el Gobierno Nacional ajusta en dos \u00c1reas altamente sensibles como la Salud y Educaci\u00f3n, lo que hace peligrar que las obras sociales estatales dependientes de la Superintendencia de Servicios de Salud, contin\u00faen trabajando en favor del colectivo de padres, ni\u00f1as\/os y j\u00f3venes con discapacidad; \u201cy por ello desde las Defensor\u00edas del Pueblo, [&hellip;]<\/p>\n","protected":false},"author":1,"featured_media":13595,"comment_status":"closed","ping_status":"closed","sticky":false,"template":"","format":"standard","meta":{"footnotes":""},"categories":[1],"tags":[],"class_list":["post-13594","post","type-post","status-publish","format-standard","has-post-thumbnail","hentry","category-noticias"],"_links":{"self":[{"href":"https:\/\/defensoriaformosa.gob.ar\/index.php?rest_route=\/wp\/v2\/posts\/13594","targetHints":{"allow":["GET"]}}],"collection":[{"href":"https:\/\/defensoriaformosa.gob.ar\/index.php?rest_route=\/wp\/v2\/posts"}],"about":[{"href":"https:\/\/defensoriaformosa.gob.ar\/index.php?rest_route=\/wp\/v2\/types\/post"}],"author":[{"embeddable":true,"href":"https:\/\/defensoriaformosa.gob.ar\/index.php?rest_route=\/wp\/v2\/users\/1"}],"replies":[{"embeddable":true,"href":"https:\/\/defensoriaformosa.gob.ar\/index.php?rest_route=%2Fwp%2Fv2%2Fcomments&post=13594"}],"version-history":[{"count":1,"href":"https:\/\/defensoriaformosa.gob.ar\/index.php?rest_route=\/wp\/v2\/posts\/13594\/revisions"}],"predecessor-version":[{"id":13596,"href":"https:\/\/defensoriaformosa.gob.ar\/index.php?rest_route=\/wp\/v2\/posts\/13594\/revisions\/13596"}],"wp:featuredmedia":[{"embeddable":true,"href":"https:\/\/defensoriaformosa.gob.ar\/index.php?rest_route=\/wp\/v2\/media\/13595"}],"wp:attachment":[{"href":"https:\/\/defensoriaformosa.gob.ar\/index.php?rest_route=%2Fwp%2Fv2%2Fmedia&parent=13594"}],"wp:term":[{"taxonomy":"category","embeddable":true,"href":"https:\/\/defensoriaformosa.gob.ar\/index.php?rest_route=%2Fwp%2Fv2%2Fcategories&post=13594"},{"taxonomy":"post_tag","embeddable":true,"href":"https:\/\/defensoriaformosa.gob.ar\/index.php?rest_route=%2Fwp%2Fv2%2Ftags&post=13594"}],"curies":[{"name":"wp","href":"https:\/\/api.w.org\/{rel}","templated":true}]}}