{"id":13591,"date":"2022-08-30T16:20:49","date_gmt":"2022-08-30T19:20:49","guid":{"rendered":"https:\/\/defensoriaformosa.gob.ar\/?p=13591"},"modified":"2022-08-30T16:20:49","modified_gmt":"2022-08-30T19:20:49","slug":"conforme-resolucion-dictada-por-la-secretaria-de-energia-unos-16-millones-de-comercios-sufriran-subas-del-120-en-la-energia-electrica-en-los-proximos-4-meses","status":"publish","type":"post","link":"https:\/\/defensoriaformosa.gob.ar\/?p=13591","title":{"rendered":"CONFORME RESOLUCION DICTADA POR LA SECRETARIA DE ENERGIA UNOS 1,6 MILLONES DE COMERCIOS SUFRIRAN SUBAS DEL 120% EN LA ENERGIA ELECTRICA EN LOS PROXIMOS 4 MESES"},"content":{"rendered":"<p>-Gialluca se\u00f1al\u00f3 que, esta decisi\u00f3n de Flavia Roy\u00f3n, Secretaria de Energ\u00eda de Naci\u00f3n, impactar\u00e1 sobre kioscos, almacenes, peque\u00f1os supermercados, hasta Pymes y talleres, que son los grandes generadores de empleos en el pa\u00eds y a los cuales no les quedar\u00e1 otra alternativa que trasladar los mayores costos a los bienes y servicios que comercializan, \u201cpor lo cual seremos los consumidores los que pagaremos estos incrementos\u201d. Consultado los comerciantes, se\u00f1alaron, que esta quita de subsidios reduce su rentabilidad y la medida se aplica en un momento dif\u00edcil para el sector, porque desde 2019 acumulan ca\u00eddas con muy pocos meses de recuperaci\u00f3n y han sufrido impactos inflacionarios, de importaciones y hasta de aumento de los alquileres en muchos casos. La mayor preocupaci\u00f3n del comerciante est\u00e1 en los meses de verano, cuando el consumo el\u00e9ctrico sube y no as\u00ed las ventas. El uso de aire acondicionado, indispensable en los meses m\u00e1s calurosos de Formosa, podr\u00eda estar acompa\u00f1ada por la quita total de subsidios a los comerciantes-<\/p>\n<p><!--more--><br \/>\nEl Defensor del Pueblo de la Provincia de Formosa, Dr. Jos\u00e9 Leonardo Gialluca, se manifest\u00f3 en contra de la oficializaci\u00f3n de los aumentos de la energ\u00eda el\u00e9ctrica que abarca 1,6 millones de comercios en todo el pa\u00eds, los cuales sufrir\u00e1n una suba del 120% en los pr\u00f3ximos 4 meses. La Secretar\u00eda de Energ\u00eda, que dirige Flavia Roy\u00f3n, public\u00f3 este martes 30, la Resoluci\u00f3n correspondiente a la Categor\u00eda G que nuclea a los comercios y emprendimientos minoristas de todo el pa\u00eds. Dicha categor\u00eda, agrupa a comercios como kioscos, almacenes, peque\u00f1os supermercados hasta pymes y talleres que son los grandes generadores de empleo del pa\u00eds. De acuerdo a lo publicado, se estima que, respecto a esta primera quita del 20 por ciento, que entrar\u00e1 en vigencia el 1\u00b0 de septiembre hasta el 31 de octubre de 2022, los comercios comenzar\u00e1n a abonar por el Precio Estabilizado de la Energ\u00eda $ 6165 por MWh en hora Pico, y $ 5844 por MWh en la hora Valle, la franja horaria de menor consumo. Asimismo, se prev\u00e9 que, frente a este aumento, cuando se publique la resoluci\u00f3n para la quita del 40 por ciento que est\u00e1 contemplada siguiendo con los lineamientos t\u00e9cnicos de la segmentaci\u00f3n tarifaria para el periodo de noviembre y diciembre, los comercios percibir\u00e1n tarifas cuyos montos rondar\u00e1n cerca de los $ 9.500 por MWh. Lo mismo ocurrir\u00e1 cuando se implemente el \u00faltimo de los aumentos previstos en la segmentaci\u00f3n de tarifas que tambi\u00e9n representa un 40 por ciento. En esta \u00faltima etapa, los comercios comenzar\u00e1n a pagar la tarifa plena, es decir, sin ning\u00fan tipo de subsidios por parte del Estado, lo cual representar\u00e1 un valor que supera los $ 13.400 por MWh, de acuerdo a lo publicado por la Secretar\u00eda de Energ\u00eda de Naci\u00f3n.<\/p>\n<p>&nbsp;<\/p>\n","protected":false},"excerpt":{"rendered":"<p>-Gialluca se\u00f1al\u00f3 que, esta decisi\u00f3n de Flavia Roy\u00f3n, Secretaria de Energ\u00eda de Naci\u00f3n, impactar\u00e1 sobre kioscos, almacenes, peque\u00f1os supermercados, hasta Pymes y talleres, que son los grandes generadores de empleos en el pa\u00eds y a los cuales no les quedar\u00e1 otra alternativa que trasladar los mayores costos a los bienes y servicios que comercializan, \u201cpor [&hellip;]<\/p>\n","protected":false},"author":1,"featured_media":13592,"comment_status":"closed","ping_status":"closed","sticky":false,"template":"","format":"standard","meta":{"footnotes":""},"categories":[3],"tags":[],"class_list":["post-13591","post","type-post","status-publish","format-standard","has-post-thumbnail","hentry","category-defensa-de-los-derechos-del-usuario-consumidor-contribuyentes"],"_links":{"self":[{"href":"https:\/\/defensoriaformosa.gob.ar\/index.php?rest_route=\/wp\/v2\/posts\/13591","targetHints":{"allow":["GET"]}}],"collection":[{"href":"https:\/\/defensoriaformosa.gob.ar\/index.php?rest_route=\/wp\/v2\/posts"}],"about":[{"href":"https:\/\/defensoriaformosa.gob.ar\/index.php?rest_route=\/wp\/v2\/types\/post"}],"author":[{"embeddable":true,"href":"https:\/\/defensoriaformosa.gob.ar\/index.php?rest_route=\/wp\/v2\/users\/1"}],"replies":[{"embeddable":true,"href":"https:\/\/defensoriaformosa.gob.ar\/index.php?rest_route=%2Fwp%2Fv2%2Fcomments&post=13591"}],"version-history":[{"count":1,"href":"https:\/\/defensoriaformosa.gob.ar\/index.php?rest_route=\/wp\/v2\/posts\/13591\/revisions"}],"predecessor-version":[{"id":13593,"href":"https:\/\/defensoriaformosa.gob.ar\/index.php?rest_route=\/wp\/v2\/posts\/13591\/revisions\/13593"}],"wp:featuredmedia":[{"embeddable":true,"href":"https:\/\/defensoriaformosa.gob.ar\/index.php?rest_route=\/wp\/v2\/media\/13592"}],"wp:attachment":[{"href":"https:\/\/defensoriaformosa.gob.ar\/index.php?rest_route=%2Fwp%2Fv2%2Fmedia&parent=13591"}],"wp:term":[{"taxonomy":"category","embeddable":true,"href":"https:\/\/defensoriaformosa.gob.ar\/index.php?rest_route=%2Fwp%2Fv2%2Fcategories&post=13591"},{"taxonomy":"post_tag","embeddable":true,"href":"https:\/\/defensoriaformosa.gob.ar\/index.php?rest_route=%2Fwp%2Fv2%2Ftags&post=13591"}],"curies":[{"name":"wp","href":"https:\/\/api.w.org\/{rel}","templated":true}]}}