{"id":13587,"date":"2022-08-27T15:53:19","date_gmt":"2022-08-27T18:53:19","guid":{"rendered":"https:\/\/defensoriaformosa.gob.ar\/?p=13587"},"modified":"2022-08-27T15:53:51","modified_gmt":"2022-08-27T18:53:51","slug":"defensores-del-pueblo-piden-a-secretaria-de-energia-suspender-segmentacion-tarifaria-frente-a-marcados-inconvenientes-operativos-y-regulatorios","status":"publish","type":"post","link":"https:\/\/defensoriaformosa.gob.ar\/?p=13587","title":{"rendered":"DEFENSORES DEL PUEBLO PIDEN A SECRETARIA DE ENERG\u00cdA SUSPENDER SEGMENTACI\u00d3N TARIFARIA FRENTE A MARCADOS INCONVENIENTES OPERATIVOS Y REGULATORIOS"},"content":{"rendered":"<p><strong>Frente a la falta de informaci\u00f3n sobre puntos esenciales de la segmentaci\u00f3n energ\u00e9tica, entre los que se se\u00f1alaron, necesidad de ampliar los topes a los subsidios para las provincias del Norte Grande, modificaci\u00f3n tarifaria sin celebrar Audiencias P\u00fablicas, necesidad de que los incrementos tarifarios tengan en cuenta las variaciones salariales de los usuarios, los criterios utilizados para establecer los diferentes Niveles existentes que producir\u00e1n la p\u00e9rdida de subsidios a miles de familias que deber\u00e1n destinar mayores porcentajes de sus ingresos para pagar las facturas de un servicio p\u00fablico esencial, llev\u00f3 a solicitar la no aplicabilidad de la segmentaci\u00f3n tarifaria, hasta tanto se cumpla por parte de la Secretar\u00eda de Energ\u00eda con los antes enumerados.<\/strong><\/p>\n<p><!--more--><\/p>\n<p>El Ombudsman Provincial por Formosa, propuso ante los marcados problemas operativos y regulatorios que se le presentan a la Secretaria de Energ\u00eda de Naci\u00f3n, para aprobar las Resoluciones con los nuevos valores tarifarios \u00abSuspender la Segmentaci\u00f3n Tarifaria\u201d que pretende aplicarse a partir del 1ero de Septiembre. Esta postura, fue apoyada y acompa\u00f1ada por la unanimidad de los Defensores del Pueblo de todo el Pa\u00eds. Gialluca, afirm\u00f3, que hasta conocer realmente hasta donde llegar\u00e1 la segmentaci\u00f3n y como se instrumentar\u00e1, lo que evidencia que la misma \u201cse hizo a las apuradas\u201d, siendo muy compleja su instrumentaci\u00f3n, incluso para las propias Distribuidoras, en nuestro caso REFSA SA, toda vez que las mismas no tienen las bases de datos para aplicar las subas a partir del 1ero de septiembre hasta el 31 de octubre, es necesario su no aplicaci\u00f3n. Agreg\u00f3 el Defensor del Pueblo por Formosa, que, por otro lado, los nuevos precios estacionales de la energ\u00eda el\u00e9ctrica (PEE), no tendr\u00e1n efectos hasta que el ENRE, confeccione los nuevos cuadros tarifarios para Edenor y Edesur y adem\u00e1s la Secretaria de Energ\u00eda, debe enviar a las Distribuidoras y Cooperativas, siendo necesario la publicaci\u00f3n de las bases de datos para instrumentar correctamente la segmentaci\u00f3n. Todo es una \u201cgran incertidumbre\u201d, por lo que esperamos la suspensi\u00f3n de la segmentaci\u00f3n tarifaria, pues no se sabe tampoco, como quedar\u00e1 la situaci\u00f3n de colegios, hospitales y Clubes de Barrios entre otras numerosas situaciones. &#8211;<br \/>\nEl Defensor del Pueblo de la Provincia de Formosa, Dr. Jos\u00e9 Leonardo Gialluca, particip\u00f3 del III Plenario de la Asociaci\u00f3n de Defensores del Pueblo de la Rep\u00fablica Argentina (ADPRA), llevado a cabo en la Ciudad de Resistencia, los d\u00edas viernes 26 y s\u00e1bado 27, donde tambi\u00e9n se conmemoraron 10 a\u00f1os de vida Institucional de la Defensor\u00eda del Pueblo del Chaco a cargo del Dr. Bernardo Voloj. En los diversos bloques se abordaron tem\u00e1ticas de actualidad, encontr\u00e1ndose presente la actual Interventora del ENRE Soledad Manin. As\u00ed el Profesor Dr. Sebasti\u00e1n Danuzzo de la Facultad de Ciencias Sociales y Pol\u00edticas (UNNE), expuso sobre los conflictos que surgen por el uso de plataformas digitales, normativas aplicables y posibles soluciones a los cada d\u00eda m\u00e1s reiterados casos de ciberdelitos y las responsabilidades de las entidades bancarias. Por su lado, la Directora del Consejo Nacional Consultivo de Pol\u00edticas Sociales Natalia Mainoldi, inform\u00f3 sobre la marcha del Programa Accionar Identidad, donde las Defensor\u00edas del Pueblo continuar\u00e1n trabajando conjuntamente con los Registros Civiles en cada Provincia, con la finalidad de que todas las personas sin necesidad de que intervenga la justicia acceda al derecho humano de la identidad. Gialluca, acompa\u00f1o esta propuesta de modo que podamos continuar con los Certificados de Pre- Identificaci\u00f3n, instrumento que posee car\u00e1cter de Declaraci\u00f3n Jurada y permite el registro de los datos de las personas indocumentadas y que les sirve para gestionar el acceso a sus derechos humanos b\u00e1sicos, con vigencia por 6 meses y prorrogable por igual per\u00edodo. La problem\u00e1tica de los Cr\u00e9ditos UVA y los Planes de Ahorro para la adquisici\u00f3n de veh\u00edculos, llev\u00f3 a los Defensores del Pueblo a solicitar una urgente reuni\u00f3n con la IGJN de manera que se transparenten los valores de los veh\u00edculos, frente a los graves abusos existentes, donde los consumidores quedan atrapados con cuotas impagables y donde las empresas que los ofrecen terminan cobrando el precio de dos o tres veh\u00edculos para acceder a un m\u00f3vil, donde las personas ni el seguro pueden elegirlo libremente. Se logr\u00f3 la aprobaci\u00f3n de un pedido al Ministro de Econom\u00eda y al de Transporte de Naci\u00f3n, para federalizar los subsidios o compensaciones al transporte p\u00fablico de pasajeros, de modo que se eliminen las actuales asimetr\u00edas existentes, con beneficios inentendibles tanto para CABA como para el AMBA. Pidieron la inmediata aplicaci\u00f3n de la Ley de Etiquetado, como tambi\u00e9n la necesidad de construir canales de di\u00e1logos con la Superintendencia de Servicios de Salud de Naci\u00f3n, frente a los incumplimientos de las obras sociales para con sus afiliados. Por \u00faltimo, entre otros temas, se abordaron, la dispersi\u00f3n de precios de los combustibles y la necesidad de que se adopten medidas objetivas para evitar los quiebres de stock o faltantes que terminan perjudicando a todo el pa\u00eds.<\/p>\n<p>&nbsp;<\/p>\n","protected":false},"excerpt":{"rendered":"<p>Frente a la falta de informaci\u00f3n sobre puntos esenciales de la segmentaci\u00f3n energ\u00e9tica, entre los que se se\u00f1alaron, necesidad de ampliar los topes a los subsidios para las provincias del Norte Grande, modificaci\u00f3n tarifaria sin celebrar Audiencias P\u00fablicas, necesidad de que los incrementos tarifarios tengan en cuenta las variaciones salariales de los usuarios, los criterios [&hellip;]<\/p>\n","protected":false},"author":1,"featured_media":13588,"comment_status":"closed","ping_status":"closed","sticky":false,"template":"","format":"standard","meta":{"footnotes":""},"categories":[3],"tags":[],"class_list":["post-13587","post","type-post","status-publish","format-standard","has-post-thumbnail","hentry","category-defensa-de-los-derechos-del-usuario-consumidor-contribuyentes"],"_links":{"self":[{"href":"https:\/\/defensoriaformosa.gob.ar\/index.php?rest_route=\/wp\/v2\/posts\/13587","targetHints":{"allow":["GET"]}}],"collection":[{"href":"https:\/\/defensoriaformosa.gob.ar\/index.php?rest_route=\/wp\/v2\/posts"}],"about":[{"href":"https:\/\/defensoriaformosa.gob.ar\/index.php?rest_route=\/wp\/v2\/types\/post"}],"author":[{"embeddable":true,"href":"https:\/\/defensoriaformosa.gob.ar\/index.php?rest_route=\/wp\/v2\/users\/1"}],"replies":[{"embeddable":true,"href":"https:\/\/defensoriaformosa.gob.ar\/index.php?rest_route=%2Fwp%2Fv2%2Fcomments&post=13587"}],"version-history":[{"count":2,"href":"https:\/\/defensoriaformosa.gob.ar\/index.php?rest_route=\/wp\/v2\/posts\/13587\/revisions"}],"predecessor-version":[{"id":13590,"href":"https:\/\/defensoriaformosa.gob.ar\/index.php?rest_route=\/wp\/v2\/posts\/13587\/revisions\/13590"}],"wp:featuredmedia":[{"embeddable":true,"href":"https:\/\/defensoriaformosa.gob.ar\/index.php?rest_route=\/wp\/v2\/media\/13588"}],"wp:attachment":[{"href":"https:\/\/defensoriaformosa.gob.ar\/index.php?rest_route=%2Fwp%2Fv2%2Fmedia&parent=13587"}],"wp:term":[{"taxonomy":"category","embeddable":true,"href":"https:\/\/defensoriaformosa.gob.ar\/index.php?rest_route=%2Fwp%2Fv2%2Fcategories&post=13587"},{"taxonomy":"post_tag","embeddable":true,"href":"https:\/\/defensoriaformosa.gob.ar\/index.php?rest_route=%2Fwp%2Fv2%2Ftags&post=13587"}],"curies":[{"name":"wp","href":"https:\/\/api.w.org\/{rel}","templated":true}]}}