{"id":13557,"date":"2022-08-12T16:37:45","date_gmt":"2022-08-12T19:37:45","guid":{"rendered":"https:\/\/defensoriaformosa.gob.ar\/?p=13557"},"modified":"2022-08-12T16:37:45","modified_gmt":"2022-08-12T19:37:45","slug":"desmienten-toma-de-escuela-tecnica-no-5-de-la-colonia-ensanche-norte","status":"publish","type":"post","link":"https:\/\/defensoriaformosa.gob.ar\/?p=13557","title":{"rendered":"DESMIENTEN TOMA DE ESCUELA TECNICA N\u00ba 5 DE LA COLONIA ENSANCHE NORTE"},"content":{"rendered":"<p>El Defensor del Pueblo de la Provincia de Formosa, Dr. Jos\u00e9 Leonardo Gialluca, inform\u00f3 que, el Fiscal Penal de Las Lomitas Dr. Dar\u00edo Gon, el cual se encuentra en permanente contacto con las Fuerzas de Seguridad de la Polic\u00eda de la Provincia, nos se\u00f1al\u00f3 que hasta el d\u00eda de hoy la Escuela T\u00e9cnica N\u00ba 5 de la Colonia Ensanche Norte, no ha sido tomada como se public\u00f3 en ciertos portales digitales por un grupo de originarios que reclamaban supuestamente la renuncia del Director de dicho Establecimiento.<\/p>\n<p><!--more--><\/p>\n<p>En este sentido, lo que se aclar\u00f3 es que lo \u00fanico cierto es que se habr\u00eda suscitado un pedido hasta ahora informal por parte de un grupo de originarios en relaci\u00f3n a un pedido para que una alumna de la Colonia que se recibi\u00f3 hace poco tiempo y por lo cual, est\u00e1n exigiendo un cargo para la misma y a modo extorsivo la renuncia del actual Director Se\u00f1or Diego Britez. Se pudo constatar que, ning\u00fan aula, ni otro lugar de la Escuela T\u00e9cnica N\u00ba 5 fue ocupada ilegalmente, por lo que, las actividades se desarrollan con normalidad. En este sentido, el Ombudsman Provincial, requiri\u00f3 la intervenci\u00f3n de las Autoridades Competentes del Ministerio de Cultura y Educaci\u00f3n de la Provincia, a fin de asesorar e informar debidamente a todos los vecinos integrantes de la Colonia Ensanche Norte, pues estas modalidades, \u201cde exigir que determinadas personas ocupen diversos cargos, tanto en \u00c1reas de Educaci\u00f3n, como de Salud, viene naturaliz\u00e1ndose en casi todas nuestras Comunidades Originarias\u201d, para lo cual, venimos trabajando en explicar, \u201clos procedimientos de designaciones y requisitos administrativos, formales entre otros, que deben cumplirse por parte de cualquier ciudadano, sea este originario o criollo para acceder a un cargo p\u00fablico y obviamente que en el sector educativo siempre existe una plusval\u00eda a favor de los j\u00f3venes originarios que alcanzan con mucho esfuerzo un determinado t\u00edtulo y que entendemos su necesidad de una salida laboral, pero esta se tiene que dar por los carriles que corresponden y no a trav\u00e9s de la toma de un Establecimiento Escolar o de un Centro de Salud, pues aqu\u00ed, se termina perjudicando a todos los integrantes de dichas Comunidades y es por ello que continuaremos con las gestiones para que este caso en particular y otros, tengan una resoluci\u00f3n favorable y que tambi\u00e9n pedimos a diversos sectores pol\u00edticos, -no se cuelguen de estas situaciones con la \u00fanica finalidad de originar enfrentamientos y mayor sufrimiento en aquellos que hoy son los que m\u00e1s necesitan que estemos trabajando por su dignidad y bienestar social y econ\u00f3mico en todo sentido\u201d.<\/p>\n<p>&nbsp;<\/p>\n","protected":false},"excerpt":{"rendered":"<p>El Defensor del Pueblo de la Provincia de Formosa, Dr. Jos\u00e9 Leonardo Gialluca, inform\u00f3 que, el Fiscal Penal de Las Lomitas Dr. Dar\u00edo Gon, el cual se encuentra en permanente contacto con las Fuerzas de Seguridad de la Polic\u00eda de la Provincia, nos se\u00f1al\u00f3 que hasta el d\u00eda de hoy la Escuela T\u00e9cnica N\u00ba 5 [&hellip;]<\/p>\n","protected":false},"author":1,"featured_media":13558,"comment_status":"closed","ping_status":"closed","sticky":false,"template":"","format":"standard","meta":{"footnotes":""},"categories":[1],"tags":[],"class_list":["post-13557","post","type-post","status-publish","format-standard","has-post-thumbnail","hentry","category-noticias"],"_links":{"self":[{"href":"https:\/\/defensoriaformosa.gob.ar\/index.php?rest_route=\/wp\/v2\/posts\/13557","targetHints":{"allow":["GET"]}}],"collection":[{"href":"https:\/\/defensoriaformosa.gob.ar\/index.php?rest_route=\/wp\/v2\/posts"}],"about":[{"href":"https:\/\/defensoriaformosa.gob.ar\/index.php?rest_route=\/wp\/v2\/types\/post"}],"author":[{"embeddable":true,"href":"https:\/\/defensoriaformosa.gob.ar\/index.php?rest_route=\/wp\/v2\/users\/1"}],"replies":[{"embeddable":true,"href":"https:\/\/defensoriaformosa.gob.ar\/index.php?rest_route=%2Fwp%2Fv2%2Fcomments&post=13557"}],"version-history":[{"count":1,"href":"https:\/\/defensoriaformosa.gob.ar\/index.php?rest_route=\/wp\/v2\/posts\/13557\/revisions"}],"predecessor-version":[{"id":13559,"href":"https:\/\/defensoriaformosa.gob.ar\/index.php?rest_route=\/wp\/v2\/posts\/13557\/revisions\/13559"}],"wp:featuredmedia":[{"embeddable":true,"href":"https:\/\/defensoriaformosa.gob.ar\/index.php?rest_route=\/wp\/v2\/media\/13558"}],"wp:attachment":[{"href":"https:\/\/defensoriaformosa.gob.ar\/index.php?rest_route=%2Fwp%2Fv2%2Fmedia&parent=13557"}],"wp:term":[{"taxonomy":"category","embeddable":true,"href":"https:\/\/defensoriaformosa.gob.ar\/index.php?rest_route=%2Fwp%2Fv2%2Fcategories&post=13557"},{"taxonomy":"post_tag","embeddable":true,"href":"https:\/\/defensoriaformosa.gob.ar\/index.php?rest_route=%2Fwp%2Fv2%2Ftags&post=13557"}],"curies":[{"name":"wp","href":"https:\/\/api.w.org\/{rel}","templated":true}]}}