{"id":13504,"date":"2022-08-01T17:10:38","date_gmt":"2022-08-01T20:10:38","guid":{"rendered":"https:\/\/defensoriaformosa.gob.ar\/?p=13504"},"modified":"2022-08-02T17:11:55","modified_gmt":"2022-08-02T20:11:55","slug":"informo-la-defensoria-que-se-volvio-a-extender-el-plazo-de-inscripcion-a-los-subsidios-para-la-energia-electrica","status":"publish","type":"post","link":"https:\/\/defensoriaformosa.gob.ar\/?p=13504","title":{"rendered":"INFORMO LA DEFENSORIA QUE SE VOLVIO A EXTENDER EL PLAZO DE INSCRIPCION A LOS SUBSIDIOS PARA LA ENERGIA ELECTRICA"},"content":{"rendered":"<p>Gialluca afirm\u00f3 que, la extensi\u00f3n se da por no haber alcanzado el n\u00famero de inscriptos necesarios en la segmentaci\u00f3n tarifaria habi\u00e9ndose registrado en el RASE unas 8,5 millones de personas, de un total de 15 millones que la Secretar\u00eda de Energ\u00eda estima que est\u00e1n en condicione de solicitar el subsidio-<\/p>\n<p><!--more--><\/p>\n<p>El Defensor del Pueblo de la Provincia de Formosa, Dr. Jos\u00e9 Leonardo Gialluca, se\u00f1al\u00f3 que, desde la Secretaria de Energ\u00eda de Naci\u00f3n, se resolvi\u00f3 que, desde el 1 de agosto el formulario de inscripci\u00f3n va a permanecer abierto para todas aquellas personas que a\u00fan no se hayan inscripto, independientemente del n\u00famero de DNI, para acceder a los subsidios a la energ\u00eda el\u00e9ctrica. Si bien la inscripci\u00f3n al Registro de Accesos a los Subsidios a la Energ\u00eda (RASE) ten\u00eda como fecha de cierre anoche domingo 31, se resolvi\u00f3 que desde el 1 de agosto el formulario de inscripci\u00f3n va a permanecer abierto para todas aquellas personas que a\u00fan no se hayan inscripto, independientemente del n\u00famero de DNI. Hasta este domingo hab\u00edan ingresado al formulario RASE (Registro de Acceso a Subsidios de Energ\u00eda) de segmentaci\u00f3n tarifaria unos 8,5 millones de personas, de un total de 15 millones que seg\u00fan el Gobierno Nacional est\u00e1n en condiciones de solicitar el subsidio. En tanto, se esperaba que lo hicieran entre 11 y 13 millones, por eso resolvi\u00f3 volver a extender el plazo. Por otra parte, los nuevos cuadros tarifarios para ambos servicios, establecidos a partir de este mes, comenzar\u00e1n a regir una vez se hayan publicado las respectivas Resoluciones en el Bolet\u00edn Oficial, lo cual se espera que suceda en los pr\u00f3ximos d\u00edas. Los aumentos de luz y gas solamente ser\u00e1n aplicados a los usuarios del nivel 1, de mayores ingresos, y a aquellos que no hayan completado el formulario de inscripci\u00f3n al RASE, en tanto los niveles 2 -ingresos medios- y 3 -menores ingresos- no tendr\u00e1n ninguna modificaci\u00f3n respecto de la tarifa que estaban abonando. Los usuarios del nivel 1 comenzar\u00e1n a pagar la tarifa plena sin subsidios de manera gradual en un proceso que culminar\u00e1 a fin de a\u00f1o y que se reflejar\u00e1 en un incremento promedio de $ 1.200 mensuales a partir de setiembre hasta completar unos $ 3.500 desde enero de 2023. El Ombudsman Provincial, cuestion\u00f3 con dureza que los plazos otorgados para las inscripciones a la segmentaci\u00f3n tarifaria sean tan cortos, y por ello propuso que el RASE se mantenga abierto sin establecer por ahora l\u00edmites temporales, ya que se presentan en la pr\u00e1ctica en relaci\u00f3n a los usuarios, modificaciones tanto de domicilios, como con relaci\u00f3n a los ingresos o a los n\u00fameros de personas que conforman un grupo familiar, que se hace imprescindible modificar declaraciones juradas y datos que son de mucha relevancia para poder encuadrar a los mismos en los tres niveles establecidos. Por \u00faltimo, cuestion\u00f3 tambi\u00e9n que la ANSES otorga turnos para fechas posteriores a las incluidas en el cronograma de fechas estipuladas por la Secretar\u00eda de Energ\u00eda y este punto tambi\u00e9n deber\u00eda ser contemplado, teniendo en cuenta que del total de inscriptos hasta ahora, menos del 5% unos 353 mil usuarios pertenecen al nivel 1 de ingresos altos que ir\u00e1n perdiendo los subsidios gradualmente, en tanto unos 4.539.217 est\u00e1n ubicados en el nivel 2 de ingresos medios, que son los que van a sufrir una quita parcial de los subsidios y 3.157.971 se han anotado en la franja de la tarifa 3 de ingresos bajos que continuar\u00e1n abonando las tarifas energ\u00e9ticas sin ning\u00fan cambio.<\/p>\n<p>&nbsp;<\/p>\n","protected":false},"excerpt":{"rendered":"<p>Gialluca afirm\u00f3 que, la extensi\u00f3n se da por no haber alcanzado el n\u00famero de inscriptos necesarios en la segmentaci\u00f3n tarifaria habi\u00e9ndose registrado en el RASE unas 8,5 millones de personas, de un total de 15 millones que la Secretar\u00eda de Energ\u00eda estima que est\u00e1n en condicione de solicitar el subsidio-<\/p>\n","protected":false},"author":1,"featured_media":13505,"comment_status":"closed","ping_status":"closed","sticky":false,"template":"","format":"standard","meta":{"footnotes":""},"categories":[3],"tags":[],"class_list":["post-13504","post","type-post","status-publish","format-standard","has-post-thumbnail","hentry","category-defensa-de-los-derechos-del-usuario-consumidor-contribuyentes"],"_links":{"self":[{"href":"https:\/\/defensoriaformosa.gob.ar\/index.php?rest_route=\/wp\/v2\/posts\/13504","targetHints":{"allow":["GET"]}}],"collection":[{"href":"https:\/\/defensoriaformosa.gob.ar\/index.php?rest_route=\/wp\/v2\/posts"}],"about":[{"href":"https:\/\/defensoriaformosa.gob.ar\/index.php?rest_route=\/wp\/v2\/types\/post"}],"author":[{"embeddable":true,"href":"https:\/\/defensoriaformosa.gob.ar\/index.php?rest_route=\/wp\/v2\/users\/1"}],"replies":[{"embeddable":true,"href":"https:\/\/defensoriaformosa.gob.ar\/index.php?rest_route=%2Fwp%2Fv2%2Fcomments&post=13504"}],"version-history":[{"count":1,"href":"https:\/\/defensoriaformosa.gob.ar\/index.php?rest_route=\/wp\/v2\/posts\/13504\/revisions"}],"predecessor-version":[{"id":13506,"href":"https:\/\/defensoriaformosa.gob.ar\/index.php?rest_route=\/wp\/v2\/posts\/13504\/revisions\/13506"}],"wp:featuredmedia":[{"embeddable":true,"href":"https:\/\/defensoriaformosa.gob.ar\/index.php?rest_route=\/wp\/v2\/media\/13505"}],"wp:attachment":[{"href":"https:\/\/defensoriaformosa.gob.ar\/index.php?rest_route=%2Fwp%2Fv2%2Fmedia&parent=13504"}],"wp:term":[{"taxonomy":"category","embeddable":true,"href":"https:\/\/defensoriaformosa.gob.ar\/index.php?rest_route=%2Fwp%2Fv2%2Fcategories&post=13504"},{"taxonomy":"post_tag","embeddable":true,"href":"https:\/\/defensoriaformosa.gob.ar\/index.php?rest_route=%2Fwp%2Fv2%2Ftags&post=13504"}],"curies":[{"name":"wp","href":"https:\/\/api.w.org\/{rel}","templated":true}]}}