{"id":13496,"date":"2022-07-30T14:42:22","date_gmt":"2022-07-30T17:42:22","guid":{"rendered":"https:\/\/defensoriaformosa.gob.ar\/?p=13496"},"modified":"2022-07-30T14:42:22","modified_gmt":"2022-07-30T17:42:22","slug":"desde-la-defensoria-del-pueblo-pediran-nueva-prorroga-para-la-inscripcion-de-la-segmentacion-tarifaria","status":"publish","type":"post","link":"https:\/\/defensoriaformosa.gob.ar\/?p=13496","title":{"rendered":"DESDE LA DEFENSORIA DEL PUEBLO PEDIRAN NUEVA PRORROGA PARA LA INSCRIPCION DE LA SEGMENTACION TARIFARIA"},"content":{"rendered":"<p>Gialluca afirm\u00f3 que los cambios en el Gabinete Nacional, sobre todo en la cartera de econom\u00eda, de la cual depende la Secretar\u00eda de Energ\u00eda, hace que sea posible dar m\u00e1s tiempo a los usuarios residenciales para inscribirse. Es un tema muy importante pues en el 2021 los subsidios energ\u00e9ticos fueron de 11 millones de d\u00f3lares y se estima que este a\u00f1o treparan a 15 millones. Seg\u00fan estimaciones del Gobierno Nacional, el ahorro gracias a la segmentaci\u00f3n tarifaria ser\u00e1 de $ 15 millones durante este a\u00f1o, en tanto para el 2023, la ca\u00edda del gasto podr\u00eda ser de $ 100.000 millones, seg\u00fan la Secretar\u00eda de Energ\u00eda. En Formosa venimos trabajando bien, especialmente con los usuarios residenciales de los sectores de los Adultos Mayores, quienes no est\u00e1n muy amigados con las nuevas tecnolog\u00edas, no obstante, lo cual, todos los interesados, solicitan conservar los subsidios energ\u00e9ticos-<\/p>\n<p><!--more--><\/p>\n<p>El Defensor del Pueblo de la Provincia de Formosa, Dr. Jos\u00e9 Leonardo Gialluca, afirm\u00f3 que las Autoridades del \u00c1rea Energ\u00e9tica conducida por Dar\u00edo Mart\u00ednez, establecieron plazos muy cortos y la informaci\u00f3n hacia los usuarios residenciales fue y sigue siendo confusa, con lo cual se evidencia una fuerte falta de coordinaci\u00f3n con las Autoridades Competentes de las Provincias. Por otra parte, existen demoras para definir los precios mayoristas de la energ\u00eda el\u00e9ctrica, que es la que se tomar\u00e1 en cuenta para la facturaci\u00f3n a todos los usuarios que pierdan los subsidios. A esto debe agregarse que el Gobierno Nacional de Alberto Fern\u00e1ndez no ha avanzado tampoco en la firma de los Convenios Espec\u00edficos que debi\u00f3 cerrar con los gobiernos provinciales y entes reguladores para poder aplicar los cambios en juego en el servicio que depende de cada jurisdicci\u00f3n provincial. Gialluca fue tajante en este punto, en cuanto a que, si no se firman los Acuerdos con todas las provincias en el transcurso de agosto, la segmentaci\u00f3n tarifaria en el servicio el\u00e9ctrico no podr\u00e1 ponerse en marcha en septiembre y tendr\u00e1 que postergarse para el \u00faltimo trimestre del a\u00f1o.<\/p>\n","protected":false},"excerpt":{"rendered":"<p>Gialluca afirm\u00f3 que los cambios en el Gabinete Nacional, sobre todo en la cartera de econom\u00eda, de la cual depende la Secretar\u00eda de Energ\u00eda, hace que sea posible dar m\u00e1s tiempo a los usuarios residenciales para inscribirse. Es un tema muy importante pues en el 2021 los subsidios energ\u00e9ticos fueron de 11 millones de d\u00f3lares [&hellip;]<\/p>\n","protected":false},"author":1,"featured_media":13497,"comment_status":"closed","ping_status":"closed","sticky":false,"template":"","format":"standard","meta":{"footnotes":""},"categories":[3],"tags":[],"class_list":["post-13496","post","type-post","status-publish","format-standard","has-post-thumbnail","hentry","category-defensa-de-los-derechos-del-usuario-consumidor-contribuyentes"],"_links":{"self":[{"href":"https:\/\/defensoriaformosa.gob.ar\/index.php?rest_route=\/wp\/v2\/posts\/13496","targetHints":{"allow":["GET"]}}],"collection":[{"href":"https:\/\/defensoriaformosa.gob.ar\/index.php?rest_route=\/wp\/v2\/posts"}],"about":[{"href":"https:\/\/defensoriaformosa.gob.ar\/index.php?rest_route=\/wp\/v2\/types\/post"}],"author":[{"embeddable":true,"href":"https:\/\/defensoriaformosa.gob.ar\/index.php?rest_route=\/wp\/v2\/users\/1"}],"replies":[{"embeddable":true,"href":"https:\/\/defensoriaformosa.gob.ar\/index.php?rest_route=%2Fwp%2Fv2%2Fcomments&post=13496"}],"version-history":[{"count":2,"href":"https:\/\/defensoriaformosa.gob.ar\/index.php?rest_route=\/wp\/v2\/posts\/13496\/revisions"}],"predecessor-version":[{"id":13499,"href":"https:\/\/defensoriaformosa.gob.ar\/index.php?rest_route=\/wp\/v2\/posts\/13496\/revisions\/13499"}],"wp:featuredmedia":[{"embeddable":true,"href":"https:\/\/defensoriaformosa.gob.ar\/index.php?rest_route=\/wp\/v2\/media\/13497"}],"wp:attachment":[{"href":"https:\/\/defensoriaformosa.gob.ar\/index.php?rest_route=%2Fwp%2Fv2%2Fmedia&parent=13496"}],"wp:term":[{"taxonomy":"category","embeddable":true,"href":"https:\/\/defensoriaformosa.gob.ar\/index.php?rest_route=%2Fwp%2Fv2%2Fcategories&post=13496"},{"taxonomy":"post_tag","embeddable":true,"href":"https:\/\/defensoriaformosa.gob.ar\/index.php?rest_route=%2Fwp%2Fv2%2Ftags&post=13496"}],"curies":[{"name":"wp","href":"https:\/\/api.w.org\/{rel}","templated":true}]}}