{"id":13493,"date":"2022-07-29T16:23:14","date_gmt":"2022-07-29T19:23:14","guid":{"rendered":"https:\/\/defensoriaformosa.gob.ar\/?p=13493"},"modified":"2022-07-29T16:23:14","modified_gmt":"2022-07-29T19:23:14","slug":"ultimas-horas-para-inscribirse-en-la-segmentacion-tarifaria-y-conservar-los-subsidios-a-la-energia-electrica","status":"publish","type":"post","link":"https:\/\/defensoriaformosa.gob.ar\/?p=13493","title":{"rendered":"ULTIMAS HORAS PARA INSCRIBIRSE EN LA SEGMENTACION TARIFARIA Y CONSERVAR LOS SUBSIDIOS A LA ENERGIA ELECTRICA"},"content":{"rendered":"<p>Gialluca inform\u00f3 que, entre las 8:30 y 12:00 horas de este s\u00e1bado 30 y domingo 31, se atender\u00e1 a todos los interesados en la Sede de la Defensor\u00eda del Pueblo-<\/p>\n<p><!--more--><\/p>\n<p>El Defensor del Pueblo de la Provincia de Formosa, Dr. Jos\u00e9 Leonardo Gialluca, inform\u00f3 que, con la nueva pr\u00f3rroga para la inscripci\u00f3n de la segmentaci\u00f3n tarifaria, que implica un nuevo r\u00e9gimen de subsidios a usuarios de la energ\u00eda el\u00e9ctrica dispuesto desde el Gobierno Nacional; los incrementos para la energ\u00eda el\u00e9ctrica en los casos de quita total de los subsidios en los hogares que dejen de recibir el subsidio estatal tendr\u00e1n un incremento de $3.500 aproximadamente en sus facturas de electricidad, que se aplicar\u00e1 en tres etapas. A partir de septiembre, por ejemplo, el que va perdiendo los subsidios tendr\u00e1 un incremento de $ 1200; mientras que el resto de los usuarios no van a tener nuevos aumentos durante el 2022. En lo que respecta a los usuarios que sean monotributistas, los mismos, deber\u00e1n indicar la categor\u00eda que tienen en la AFIP por lo cual es aconsejable que lo revisen antes de comenzar a cargar sus datos. Tambi\u00e9n deber\u00e1n indicar su facturaci\u00f3n sino su categor\u00eda ante la AFIP. Como es sabido, el sistema dividir\u00e1 a los usuarios de los servicios residenciales -no contempla este plan a las facturas de tipo comercial- en tres grupos seg\u00fan el nivel de ingresos. Pero para los monotributistas y tambi\u00e9n para los que son Responsables Inscriptos en la AFIP, la duda generada est\u00e1 en torno a c\u00f3mo indicar el nivel de ingresos que tienen. Esto se debe a que claramente el nivel de facturaci\u00f3n no quiere decir que esa persona tiene ese monto total facturado como un ingreso neto, ya que de ese valor se deben descontar todos los gastos comerciales. Por ello, est\u00e1 prevista la carga de datos para los monotributistas, que no deber\u00e1n indicar su facturaci\u00f3n sino el tipo de monotributo que tienen actualmente. Este dato ser\u00e1 luego cotejado con las bases de datos de Naci\u00f3n para determinar si es correcto. Ya que, si bien el formulario autom\u00e1ticamente al terminarlo le asigna al usuario una de las 3 categor\u00edas se\u00f1aladas, las mismas podr\u00e1n ser luego modificadas a partir de la correcci\u00f3n de datos y el cruce con las bases nacionales. En lo que respecta a las facturas de tipo comercial, al no estar contempladas, el Ombudsman Provincial, haci\u00e9ndose eco de planteamientos especialmente de comercios barriales y de las Pymes, \u201csolicit\u00f3 a la Secretaria de Energ\u00eda de Naci\u00f3n se revise la posibilidad de incluir a los antes citados dentro de la segmentaci\u00f3n tarifaria\u201d. Fundament\u00f3 el requerimiento en que, en un contexto de alta inflaci\u00f3n y suba de costos, es necesario que los sectores sensibles que dependen de la electricidad para producir no reciban fuertes incrementos en sus facturas. Gialluca record\u00f3 que, el Estado subsidia m\u00e1s del 70% el costo de producci\u00f3n de la electricidad y el gas en todo el pa\u00eds, por lo que es atendible que se incluyan a los comercios barriales y Pymes que son los que realmente trabajan y producen, adem\u00e1s de originar puestos de trabajo que son tan necesarios actualmente en nuestro pa\u00eds.<\/p>\n<p>&nbsp;<\/p>\n","protected":false},"excerpt":{"rendered":"<p>Gialluca inform\u00f3 que, entre las 8:30 y 12:00 horas de este s\u00e1bado 30 y domingo 31, se atender\u00e1 a todos los interesados en la Sede de la Defensor\u00eda del Pueblo-<\/p>\n","protected":false},"author":1,"featured_media":13494,"comment_status":"closed","ping_status":"closed","sticky":false,"template":"","format":"standard","meta":{"footnotes":""},"categories":[3],"tags":[],"class_list":["post-13493","post","type-post","status-publish","format-standard","has-post-thumbnail","hentry","category-defensa-de-los-derechos-del-usuario-consumidor-contribuyentes"],"_links":{"self":[{"href":"https:\/\/defensoriaformosa.gob.ar\/index.php?rest_route=\/wp\/v2\/posts\/13493","targetHints":{"allow":["GET"]}}],"collection":[{"href":"https:\/\/defensoriaformosa.gob.ar\/index.php?rest_route=\/wp\/v2\/posts"}],"about":[{"href":"https:\/\/defensoriaformosa.gob.ar\/index.php?rest_route=\/wp\/v2\/types\/post"}],"author":[{"embeddable":true,"href":"https:\/\/defensoriaformosa.gob.ar\/index.php?rest_route=\/wp\/v2\/users\/1"}],"replies":[{"embeddable":true,"href":"https:\/\/defensoriaformosa.gob.ar\/index.php?rest_route=%2Fwp%2Fv2%2Fcomments&post=13493"}],"version-history":[{"count":1,"href":"https:\/\/defensoriaformosa.gob.ar\/index.php?rest_route=\/wp\/v2\/posts\/13493\/revisions"}],"predecessor-version":[{"id":13495,"href":"https:\/\/defensoriaformosa.gob.ar\/index.php?rest_route=\/wp\/v2\/posts\/13493\/revisions\/13495"}],"wp:featuredmedia":[{"embeddable":true,"href":"https:\/\/defensoriaformosa.gob.ar\/index.php?rest_route=\/wp\/v2\/media\/13494"}],"wp:attachment":[{"href":"https:\/\/defensoriaformosa.gob.ar\/index.php?rest_route=%2Fwp%2Fv2%2Fmedia&parent=13493"}],"wp:term":[{"taxonomy":"category","embeddable":true,"href":"https:\/\/defensoriaformosa.gob.ar\/index.php?rest_route=%2Fwp%2Fv2%2Fcategories&post=13493"},{"taxonomy":"post_tag","embeddable":true,"href":"https:\/\/defensoriaformosa.gob.ar\/index.php?rest_route=%2Fwp%2Fv2%2Ftags&post=13493"}],"curies":[{"name":"wp","href":"https:\/\/api.w.org\/{rel}","templated":true}]}}