{"id":13489,"date":"2022-07-28T21:15:11","date_gmt":"2022-07-29T00:15:11","guid":{"rendered":"https:\/\/defensoriaformosa.gob.ar\/?p=13489"},"modified":"2022-07-28T21:15:11","modified_gmt":"2022-07-29T00:15:11","slug":"este-sabado-30-se-continuara-atendiendo-a-todos-los-usuarios-interesados-en-la-inscripcion-para-la-segmentacion-tarifaria","status":"publish","type":"post","link":"https:\/\/defensoriaformosa.gob.ar\/?p=13489","title":{"rendered":"ESTE SABADO 30 SE CONTINUARA ATENDIENDO A TODOS LOS USUARIOS INTERESADOS EN LA INSCRIPCION PARA LA SEGMENTACION TARIFARIA"},"content":{"rendered":"<p>Gialluca inform\u00f3 que, hasta la fecha la Secretar\u00eda de Energ\u00eda de Naci\u00f3n no se han manifestado sobre la posibilidad de que aquellos usuarios categorizados por las distribuidoras \u201ccomo comerciales puedan inscribirse para la segmentaci\u00f3n tarifaria, por lo que, hemos planteado a las Autoridades Nacionales alguna alternativa para los mismos, especialmente para los Comercios Barriales o aquellos emprendimientos que en los \u00faltimos tiempos se han instalado en los mismos domicilios donde vive una familia, desplegando peque\u00f1as actividades comerciales, como as\u00ed tambi\u00e9n las Pymes, toda vez que si los antes citados deben pagar una tarifa plena, y se les aumenta la energ\u00eda el\u00e9ctrica exponencialmente, con seguridad trasladar\u00e1n los mayores costos a todos los productos, bienes y servicios que comercializan y que abonar\u00e1n los consumidores finalmente con dinero de sus ingresos-<\/p>\n<p><!--more--><\/p>\n<p>El Defensor del Pueblo de la Provincia de Formosa, Dr. Jos\u00e9 Leonardo Gialluca, inform\u00f3 que, con la nueva pr\u00f3rroga para la inscripci\u00f3n de la segmentaci\u00f3n tarifaria, que implica un nuevo r\u00e9gimen de subsidios a usuarios de la energ\u00eda el\u00e9ctrica dispuesto desde el Gobierno Nacional; est\u00e1 prevista una serie de opciones especiales para los monotributistas. Los mismos, deber\u00e1n indicar la categor\u00eda que tienen en la AFIP por lo cual es aconsejable que lo revisen antes de comenzar a cargar sus datos. Tambi\u00e9n deber\u00e1n indicar su facturaci\u00f3n sino su categor\u00eda ante la AFIP. Como es sabido, el sistema dividir\u00e1 a los usuarios de los servicios residenciales -no contempla este plan a las facturas de tipo comercial- en tres grupos seg\u00fan el nivel de ingresos. Pero para los monotributistas y tambi\u00e9n para los que son Responsables Inscriptos en la AFIP, la duda generada est\u00e1 en torno a c\u00f3mo indicar el nivel de ingresos que tienen. Esto se debe a que claramente el nivel de facturaci\u00f3n no quiere decir que esa persona tiene ese monto total facturado como un ingreso neto, ya que de ese valor se deben descontar todos los gastos comerciales. Por ello, est\u00e1 prevista la carga de datos para los monotributistas, que no deber\u00e1n indicar su facturaci\u00f3n sino el tipo de monotributo que tienen actualmente. Este dato ser\u00e1 luego cotejado con las bases de datos de Naci\u00f3n para determinar si es correcto. Ya que, si bien el formulario autom\u00e1ticamente al terminarlo le asigna al usuario una de las 3 categor\u00edas se\u00f1aladas, las mismas podr\u00e1n ser luego modificadas a partir de la correcci\u00f3n de datos y el cruce con las bases nacionales. En lo que respecta a las facturas de tipo comercial, al no estar contempladas, el Ombudsman Provincial, haci\u00e9ndose eco de planteamientos especialmente de comercios barriales y de las Pymes, \u201csolicit\u00f3 a la Secretaria de Energ\u00eda de Naci\u00f3n se revise la posibilidad de incluir a los antes citados dentro de la segmentaci\u00f3n tarifaria\u201d. Fundament\u00f3 el requerimiento en que, en un contexto de alta inflaci\u00f3n y suba de costos, es necesario que los sectores sensibles que dependen de la electricidad para producir no reciban fuertes incrementos en sus facturas. En esta l\u00ednea, la CGERA (Confederaci\u00f3n General Empresaria de la Rep\u00fablica Argentina) que agrupa a m\u00e1s de 90 C\u00e1maras y Federaciones de todo el pa\u00eds, manifest\u00f3 su preocupaci\u00f3n \u201cante la quita de subsidios\u201d que comenzar\u00e1 a implementarse en los pr\u00f3ximos meses, y se solicit\u00f3 que se revise la situaci\u00f3n de los sectores productivos, especialmente de aquellos que utilizan a la energ\u00eda el\u00e9ctrica y al gas como principales insumos. Gialluca record\u00f3 que, el Estado subsidia m\u00e1s del 70% el costo de producci\u00f3n de la electricidad y el gas en todo el pa\u00eds, por lo que es atendible que se incluyan a los comercios barriales y Pymes que son los que realmente trabajan y producen adem\u00e1s de originar puestos de trabajo que son tan necesarios actualmente en nuestro pa\u00eds.<\/p>\n<p>&nbsp;<\/p>\n","protected":false},"excerpt":{"rendered":"<p>Gialluca inform\u00f3 que, hasta la fecha la Secretar\u00eda de Energ\u00eda de Naci\u00f3n no se han manifestado sobre la posibilidad de que aquellos usuarios categorizados por las distribuidoras \u201ccomo comerciales puedan inscribirse para la segmentaci\u00f3n tarifaria, por lo que, hemos planteado a las Autoridades Nacionales alguna alternativa para los mismos, especialmente para los Comercios Barriales o [&hellip;]<\/p>\n","protected":false},"author":1,"featured_media":13490,"comment_status":"closed","ping_status":"closed","sticky":false,"template":"","format":"standard","meta":{"footnotes":""},"categories":[3],"tags":[],"class_list":["post-13489","post","type-post","status-publish","format-standard","has-post-thumbnail","hentry","category-defensa-de-los-derechos-del-usuario-consumidor-contribuyentes"],"_links":{"self":[{"href":"https:\/\/defensoriaformosa.gob.ar\/index.php?rest_route=\/wp\/v2\/posts\/13489","targetHints":{"allow":["GET"]}}],"collection":[{"href":"https:\/\/defensoriaformosa.gob.ar\/index.php?rest_route=\/wp\/v2\/posts"}],"about":[{"href":"https:\/\/defensoriaformosa.gob.ar\/index.php?rest_route=\/wp\/v2\/types\/post"}],"author":[{"embeddable":true,"href":"https:\/\/defensoriaformosa.gob.ar\/index.php?rest_route=\/wp\/v2\/users\/1"}],"replies":[{"embeddable":true,"href":"https:\/\/defensoriaformosa.gob.ar\/index.php?rest_route=%2Fwp%2Fv2%2Fcomments&post=13489"}],"version-history":[{"count":1,"href":"https:\/\/defensoriaformosa.gob.ar\/index.php?rest_route=\/wp\/v2\/posts\/13489\/revisions"}],"predecessor-version":[{"id":13491,"href":"https:\/\/defensoriaformosa.gob.ar\/index.php?rest_route=\/wp\/v2\/posts\/13489\/revisions\/13491"}],"wp:featuredmedia":[{"embeddable":true,"href":"https:\/\/defensoriaformosa.gob.ar\/index.php?rest_route=\/wp\/v2\/media\/13490"}],"wp:attachment":[{"href":"https:\/\/defensoriaformosa.gob.ar\/index.php?rest_route=%2Fwp%2Fv2%2Fmedia&parent=13489"}],"wp:term":[{"taxonomy":"category","embeddable":true,"href":"https:\/\/defensoriaformosa.gob.ar\/index.php?rest_route=%2Fwp%2Fv2%2Fcategories&post=13489"},{"taxonomy":"post_tag","embeddable":true,"href":"https:\/\/defensoriaformosa.gob.ar\/index.php?rest_route=%2Fwp%2Fv2%2Ftags&post=13489"}],"curies":[{"name":"wp","href":"https:\/\/api.w.org\/{rel}","templated":true}]}}