{"id":13474,"date":"2022-07-23T18:23:22","date_gmt":"2022-07-23T21:23:22","guid":{"rendered":"https:\/\/defensoriaformosa.gob.ar\/?p=13474"},"modified":"2022-07-24T18:24:37","modified_gmt":"2022-07-24T21:24:37","slug":"senalo-la-defensoria-que-la-ley-de-salud-mental-vigente-desde-el-ano-2010-posee-serias-irregularidades-entre-lo-que-propone-y-su-aplicacion-en-la-vida-real","status":"publish","type":"post","link":"https:\/\/defensoriaformosa.gob.ar\/?p=13474","title":{"rendered":"SE\u00d1ALO LA DEFENSORIA QUE LA LEY DE SALUD MENTAL VIGENTE DESDE EL A\u00d1O 2010 POSEE SERIAS IRREGULARIDADES ENTRE LO QUE PROPONE Y SU APLICACI\u00d3N EN LA VIDA REAL"},"content":{"rendered":"<p>Gialluca denunci\u00f3 que, existen varios vac\u00edos entre el sistema de atenci\u00f3n que determina la Ley y las necesidades o demandas de las familias y los pacientes-<!--more--><\/p>\n<p>El Defensor del Pueblo de la Provincia de Formosa, Dr. Jos\u00e9 Leonardo Gialluca, advirti\u00f3 que no debemos apresurarnos a buscar o presentar proyectos de ley pidiendo la adhesi\u00f3n a la Ley de Salud Mental vigente desde el 2010, y por la cual se designaron siete directores nacionales, pero los especialistas y las familias de los enfermos advierten severas deficiencias y por ello pidi\u00f3 cautela al Diputado Provincial por el Frente Amplio Formose\u00f1o Enrique Ramirez. Es que la norma aprobada en el 2010 no dio los resultados esperados, seg\u00fan coincidieron profesionales, familiares, pacientes y funcionarios en jornadas que convoc\u00f3 el Senado de la Naci\u00f3n. Los reclamos incluyen las dificultades para las internaciones y la falta de acceso a los tratamientos oportunos y de prevenci\u00f3n de situaciones tan extremas como intentos de suicidio o crisis sin posibilidad de contenci\u00f3n a tiempo. Hace un mes y medio, el Gobierno Nacional anunci\u00f3 que duplic\u00f3 el presupuesto de salud mental de $3700 a $7700 millones al presentar la Estrategia Nacional de Salud Mental. Eso es una d\u00e9cima parte de lo que indica la ley. El anuncio se traduce en el 1,3% de unos $567.300 millones destinados en el presupuesto nacional a la salud de los argentinos, de acuerdo con el monitoreo de la Asociaci\u00f3n Civil por la Igualdad y la Justicia (ACIJ). La falta de recursos es una barrera para avanzar en la sustituci\u00f3n del sistema de atenci\u00f3n con hospitales psiqui\u00e1tricos por uno de salud mental comunitario como indica la ley, en el que todos los centros de atenci\u00f3n primaria y hospitales generales brinden asistencia y existan dispositivos intermedios como hospitales de d\u00eda, viviendas asistidas, servicios de atenci\u00f3n domiciliaria y ambulatoria, cooperativas de trabajo, entre otros, que aseguren una atenci\u00f3n continua, integral y de calidad, y que promuevan la inclusi\u00f3n social. Se suele afirmar que, en salud mental, m\u00e1s importante que 10 d\u00edas de internaci\u00f3n es lo que se haga los 355 d\u00edas restantes del a\u00f1o para mantener a esa persona en la comunidad, volver a estudiar, trabajar, atender a sus hijos entre otras actividades. Existe una brecha entre el sistema de atenci\u00f3n y las necesidades o demandas de las familias y los pacientes, este es un problema hist\u00f3rico y global; reducir esa brecha es incluso una de las propuestas de la Organizaci\u00f3n Mundial de la Salud, pero no es solo la cantidad de recursos que se tiene para el tema, sino en la forma en que se distribuyen y planifican. Gialluca consider\u00f3 que, el art. 20 de la Ley deber\u00eda ser modificado toda vez que una persona adicta, no puede decidir en su sano juicio que es lo bueno o lo malo para su integridad psicof\u00edsica, por ello, nosotros proponemos alternativas intermedias, ya que, en temas tan dif\u00edciles, los familiares de los pacientes psiqui\u00e1tricos nos piden que los escuchemos y en todo esto, \u201cson los sistemas los que deben adaptarse a la necesidad de los pacientes y sus familiares y no a la inversa\u201d. Por otra parte, la Ley contempla el consumo como una problem\u00e1tica de salud mental y con esto lo \u00fanico que se hace es discriminar y estigmatizar m\u00e1s a\u00fan a las personas, lo correcto ser\u00eda contemplar el fortalecimiento de equipos capacitados y especializados en consumo dentro de los sistemas de salud mental. Finalmente, se\u00f1al\u00f3 que, debemos encontrar opciones que no sean r\u00edgidas, ni tan severas, \u201cesto es no podemos ir desde una internaci\u00f3n hasta el punto de dejar a las familias solas con su familiar enfermo y aqu\u00ed es donde se hacen necesario desarrollar m\u00e1s dispositivos intermedios, tanto en el \u00e1mbito p\u00fablico como privado, principalmente en lo que respecta a los casos de consumo de sustancias peligrosas donde palpamos que hay reca\u00eddas, mejor\u00edas y aqu\u00ed es donde las familias y el paciente deben ser acompa\u00f1ados, pero nunca con medidas radicalizadas\u201d.<\/p>\n<p>&nbsp;<\/p>\n","protected":false},"excerpt":{"rendered":"<p>Gialluca denunci\u00f3 que, existen varios vac\u00edos entre el sistema de atenci\u00f3n que determina la Ley y las necesidades o demandas de las familias y los pacientes-<\/p>\n","protected":false},"author":1,"featured_media":13475,"comment_status":"closed","ping_status":"closed","sticky":false,"template":"","format":"standard","meta":{"footnotes":""},"categories":[3],"tags":[],"class_list":["post-13474","post","type-post","status-publish","format-standard","has-post-thumbnail","hentry","category-defensa-de-los-derechos-del-usuario-consumidor-contribuyentes"],"_links":{"self":[{"href":"https:\/\/defensoriaformosa.gob.ar\/index.php?rest_route=\/wp\/v2\/posts\/13474","targetHints":{"allow":["GET"]}}],"collection":[{"href":"https:\/\/defensoriaformosa.gob.ar\/index.php?rest_route=\/wp\/v2\/posts"}],"about":[{"href":"https:\/\/defensoriaformosa.gob.ar\/index.php?rest_route=\/wp\/v2\/types\/post"}],"author":[{"embeddable":true,"href":"https:\/\/defensoriaformosa.gob.ar\/index.php?rest_route=\/wp\/v2\/users\/1"}],"replies":[{"embeddable":true,"href":"https:\/\/defensoriaformosa.gob.ar\/index.php?rest_route=%2Fwp%2Fv2%2Fcomments&post=13474"}],"version-history":[{"count":1,"href":"https:\/\/defensoriaformosa.gob.ar\/index.php?rest_route=\/wp\/v2\/posts\/13474\/revisions"}],"predecessor-version":[{"id":13476,"href":"https:\/\/defensoriaformosa.gob.ar\/index.php?rest_route=\/wp\/v2\/posts\/13474\/revisions\/13476"}],"wp:featuredmedia":[{"embeddable":true,"href":"https:\/\/defensoriaformosa.gob.ar\/index.php?rest_route=\/wp\/v2\/media\/13475"}],"wp:attachment":[{"href":"https:\/\/defensoriaformosa.gob.ar\/index.php?rest_route=%2Fwp%2Fv2%2Fmedia&parent=13474"}],"wp:term":[{"taxonomy":"category","embeddable":true,"href":"https:\/\/defensoriaformosa.gob.ar\/index.php?rest_route=%2Fwp%2Fv2%2Fcategories&post=13474"},{"taxonomy":"post_tag","embeddable":true,"href":"https:\/\/defensoriaformosa.gob.ar\/index.php?rest_route=%2Fwp%2Fv2%2Ftags&post=13474"}],"curies":[{"name":"wp","href":"https:\/\/api.w.org\/{rel}","templated":true}]}}