{"id":13458,"date":"2022-07-21T21:33:19","date_gmt":"2022-07-22T00:33:19","guid":{"rendered":"https:\/\/defensoriaformosa.gob.ar\/?p=13458"},"modified":"2022-07-21T21:33:38","modified_gmt":"2022-07-22T00:33:38","slug":"afirmo-la-defensoria-que-completando-el-formulario-se-mantendra-el-subsidio","status":"publish","type":"post","link":"https:\/\/defensoriaformosa.gob.ar\/?p=13458","title":{"rendered":"AFIRMO LA DEFENSORIA QUE COMPLETANDO EL FORMULARIO SE MANTENDRA EL SUBSIDIO"},"content":{"rendered":"<p><strong>-Gialluca inform\u00f3 que, a la fecha en nuestra Provincia se inscribieron unos 3 mil usuarios de energ\u00eda el\u00e9ctrica-<\/strong><!--more--><\/p>\n<p>El Defensor del Pueblo de la Provincia de Formosa, Dr Jos\u00e9 Leonardo Gialluca, se\u00f1al\u00f3 que el Estado Nacional, tardar\u00e1 unos 5 meses aproximadamente en verificar las declaraciones juradas para la segmentaci\u00f3n tarifaria. A\u00f1adi\u00f3 tambi\u00e9n que en lo que respecta a la inscripci\u00f3n, estamos trabajando coordinadamente con el EROSP, REFSA, Organismos Nacionales, y los Municipios de toda nuestra Provincia, adem\u00e1s de ADPRA (Asociaci\u00f3n de Defensores de la Rep\u00fablica Argentina), pues todo es muy din\u00e1mico y queremos llevar la mayor tranquilidad a la gente y un asesoramiento gratuito correcto. Es por eso que la inscripci\u00f3n permitir\u00e1 que, a los usuarios, no se les quiten los subsidios. Conforme el \u00faltimo corte del d\u00eda mi\u00e9rcoles a las 20 horas en el pa\u00eds ya se inscribieron 2.375.110 personas. El Ombudsman Provincial afirm\u00f3 que, la declaraci\u00f3n jurada es el documento principal y clave en este proceso de inscripci\u00f3n. Esto permite al Estado Nacional directamente aplicar lo que se declar\u00f3. Es decir, que como tiene el car\u00e1cter de Declaraci\u00f3n Jurada con el peso legal que ello implica, el Estado, toma como ciertos todos los datos declarados por los usuarios. Posteriormente, el 1 de agosto, el Estado Nacional, reci\u00e9n revisar\u00e1 que las declaraciones juradas sean ver\u00eddicas y de ser as\u00ed, seguir\u00e1 aplicando los subsidios correspondientes. Todo esto, llevar\u00e1 un plazo de 4 a 5 meses hasta que se analicen todas las declaraciones juradas. Record\u00f3 el Funcionario Provincial, que existen 3 segmentos, uno que mantiene el subsidio totalmente, otro que lo reduce y el \u00faltimo que lo elimina. Sobre esto, tenemos fallos judiciales, que determinan que los aumentos tarifarios no pueden ser abruptos y menos a\u00fan confiscatorios. Por esto se prev\u00e9 que reci\u00e9n en el 2023 un 10 % de la poblaci\u00f3n a nivel pa\u00eds tendr\u00e1 una quita total de los subsidios, el 90 % continuar\u00e1 ya sea con subsidios nacionales o provinciales, como el caso de Formosa, donde el subsidio Esfuerzo Formose\u00f1o, se mantendr\u00e1 y m\u00e1s relevante a\u00fan, es que se contin\u00faa inscribiendo en el mismo, para ayudar econ\u00f3micamente y socialmente a las franjas m\u00e1s vulnerables, dentro de un contexto inflacionario grave y de fuerte incertidumbre.<\/p>\n<p>&nbsp;<\/p>\n","protected":false},"excerpt":{"rendered":"<p>-Gialluca inform\u00f3 que, a la fecha en nuestra Provincia se inscribieron unos 3 mil usuarios de energ\u00eda el\u00e9ctrica-<\/p>\n","protected":false},"author":1,"featured_media":13461,"comment_status":"closed","ping_status":"closed","sticky":false,"template":"","format":"standard","meta":{"footnotes":""},"categories":[1,3],"tags":[],"class_list":["post-13458","post","type-post","status-publish","format-standard","has-post-thumbnail","hentry","category-noticias","category-defensa-de-los-derechos-del-usuario-consumidor-contribuyentes"],"_links":{"self":[{"href":"https:\/\/defensoriaformosa.gob.ar\/index.php?rest_route=\/wp\/v2\/posts\/13458","targetHints":{"allow":["GET"]}}],"collection":[{"href":"https:\/\/defensoriaformosa.gob.ar\/index.php?rest_route=\/wp\/v2\/posts"}],"about":[{"href":"https:\/\/defensoriaformosa.gob.ar\/index.php?rest_route=\/wp\/v2\/types\/post"}],"author":[{"embeddable":true,"href":"https:\/\/defensoriaformosa.gob.ar\/index.php?rest_route=\/wp\/v2\/users\/1"}],"replies":[{"embeddable":true,"href":"https:\/\/defensoriaformosa.gob.ar\/index.php?rest_route=%2Fwp%2Fv2%2Fcomments&post=13458"}],"version-history":[{"count":2,"href":"https:\/\/defensoriaformosa.gob.ar\/index.php?rest_route=\/wp\/v2\/posts\/13458\/revisions"}],"predecessor-version":[{"id":13463,"href":"https:\/\/defensoriaformosa.gob.ar\/index.php?rest_route=\/wp\/v2\/posts\/13458\/revisions\/13463"}],"wp:featuredmedia":[{"embeddable":true,"href":"https:\/\/defensoriaformosa.gob.ar\/index.php?rest_route=\/wp\/v2\/media\/13461"}],"wp:attachment":[{"href":"https:\/\/defensoriaformosa.gob.ar\/index.php?rest_route=%2Fwp%2Fv2%2Fmedia&parent=13458"}],"wp:term":[{"taxonomy":"category","embeddable":true,"href":"https:\/\/defensoriaformosa.gob.ar\/index.php?rest_route=%2Fwp%2Fv2%2Fcategories&post=13458"},{"taxonomy":"post_tag","embeddable":true,"href":"https:\/\/defensoriaformosa.gob.ar\/index.php?rest_route=%2Fwp%2Fv2%2Ftags&post=13458"}],"curies":[{"name":"wp","href":"https:\/\/api.w.org\/{rel}","templated":true}]}}