{"id":13453,"date":"2022-07-20T15:41:08","date_gmt":"2022-07-20T18:41:08","guid":{"rendered":"https:\/\/defensoriaformosa.gob.ar\/?p=13453"},"modified":"2022-07-20T15:41:18","modified_gmt":"2022-07-20T18:41:18","slug":"13453-2","status":"publish","type":"post","link":"https:\/\/defensoriaformosa.gob.ar\/?p=13453","title":{"rendered":"SE CONTINUA ASESORANDO E INSCRIBIENDO PARA ACCEDER AL REGISTRO DE LOS SUBSIDIOS DE LA ENERGIA ELECTRICA"},"content":{"rendered":"<p>Actualmente se est\u00e1 atendiendo de forma presencial en el Organismo de la Constituci\u00f3n, las diferentes situaciones que se presentan, otorg\u00e1ndoseles un trato particular a cada caso. Es importante destacar que, todos los usuarios se inscriban en el periodo que les corresponde, no obstante, aquellos que no se hayan podido registrar en esta primera etapa, podr\u00e1n realizarlo en una segunda oportunidad-<\/p>\n<p><!--more--><\/p>\n<p>Gialluca, se\u00f1al\u00f3 que, la segmentaci\u00f3n de tarifas propone otorgar los subsidios en funci\u00f3n del poder adquisitivo de los usuarios. En este sentido, estamos observando, que existe preocupaci\u00f3n, pues cuando la gente, escucha, segmentaci\u00f3n o aumentos tarifarios, los relaciona con los incrementos del Gobierno Nacional anterior que, en los a\u00f1os 2017, 2018 dolariz\u00f3 las tarifas. Por ello decimos, que nuestra meta es no quitar indiscriminadamente subsidios y menos cortar un servicio p\u00fablico esencial a quienes no puedan pagarlo. As\u00ed, hasta septiembre no estar\u00e1 nada concluido y se realizar\u00e1n todas las correcciones que sean necesarias. Por \u00faltimo, se\u00f1al\u00f3 que pedimos nuevamente al Secretario de Energ\u00eda de Naci\u00f3n, que otorgue a Formosa y a las Provincias del NEA, un subsidio espec\u00edfico por \u201cZonas C\u00e1lidas\u201d, igual o similar al que gozan los usuarios de las provincias patag\u00f3nicas con el subsidio por \u201cZonas Fr\u00edas\u201d. El Defensor del Pueblo de la Provincia, Dr. Jos\u00e9 Leonardo Gialluca, resalt\u00f3 que, es necesario que, todos los usuarios se inscriban en la fecha que les corresponde por terminaci\u00f3n de DNI, no obstante, aquellos que no se hayan podido registrar en esta primera etapa, podr\u00e1n realizarlo en una segunda oportunidad y tambi\u00e9n all\u00ed, se proceder\u00e1 a rectificar o corregir algunos errores en la inscripci\u00f3n, para lograr as\u00ed la mayor inclusi\u00f3n de usuarios a este beneficio. Asimismo, se record\u00f3 que, del padr\u00f3n de los 65.664 usuarios que ya poseen la tarifa social \u201cEsfuerzo Formose\u00f1o\u201d mantendr\u00e1n el subsidio, por lo que no deber\u00e1n inscribirse, dado que la inclusi\u00f3n es autom\u00e1tica, ya que la Provincia remiti\u00f3 a Naci\u00f3n dicha informaci\u00f3n, por lo que no necesitan inscribirse en la segmentaci\u00f3n energ\u00e9tica, dispuesta a trav\u00e9s del Decreto N\u00ba 332\/2022. A tal efecto, se han establecido categor\u00edas de segmentaci\u00f3n de ingresos altos, medios y menores, indicando que, la tarifa plena se da por el nivel socioecon\u00f3mico del usuario, que es aquel que tiene un ingreso superior a $348.868,93, que posee 1 inmueble registrado, 3 veh\u00edculos o que tiene aviones o embarcaciones de lujo o son titulares activos de una sociedad, estos van a sufrir un aumento en la factura en lo que respecta al costo mayorista, que va a ser de manera gradual seg\u00fan lo dispuesto por las normas de la Secretar\u00eda de Energ\u00eda de Naci\u00f3n y el mencionado decreto hasta fin de a\u00f1o, es decir, que este grupo de usuarios pagar\u00e1 la tarifa plena. En lo que respecta a la tarifa media, \u00e9sta contempla a las personas que tienen ingresos entre $ 95 mil y $ 348 mil, las cuales no sufrir\u00e1n aumentos hasta fin de a\u00f1o y los de menores ingresos conservar\u00e1n los subsidios que vienen teniendo hasta la fecha. En este contexto el Ombudsman Provincial, record\u00f3 que quienes deseen inscribirse para acceder al subsidio, deber\u00e1n hacerlo a trav\u00e9s de la web https:\/\/www.argentina.gob.ar\/subsidios, teniendo en cuenta la terminaci\u00f3n del DNI. As\u00ed, desde el 20 al 22 del corriente mes, los que terminen en 3, 4 y 5; y del 23 al 26, los que concluyan en 6, 7, 8 y 9. Las terminaciones de DNI 0, 1 y 2 que deber\u00edan haberse inscripto hasta el pasado 19, lo podr\u00e1n hacer despu\u00e9s del 27, ya que, despu\u00e9s del cierre de este per\u00edodo de inscripciones se va a abrir otro general, por ende, aquellos que no pudieron realizar el tr\u00e1mite en la fecha que les correspond\u00eda, dispondr\u00e1n de una segunda oportunidad. Destac\u00f3, adem\u00e1s, que, la medida \u201cno es retroactiva a junio\u201d, lo que significa que se aplicar\u00eda a partir de septiembre del corriente a\u00f1o. Asimismo, la ANSES UDAI Formosa, est\u00e1 otorgando turnos para la respectiva inscripci\u00f3n de forma presencial en su Sede. Para finalizar, desde la Direcci\u00f3n de Servicios P\u00fablicos del Organismo de la Constituci\u00f3n, se invit\u00f3 a todos aquellos usuarios que tengan inconvenientes para efectuar la inscripci\u00f3n, que se acerquen a nuestra Sede, sita en calle Padre Pati\u00f1o N\u00b0 831 de lunes a viernes en horarios matutino y vespertino, con su factura de energ\u00eda, D.N.I. y numero de CUIL de cada uno de los integrantes mayores de 18 a\u00f1os del grupo familiar conviviente, donde se los asesorar\u00e1 y ayudar\u00e1 a la inscripci\u00f3n de forma gratuita. Para cualquier consulta sobre este y otros temas, tambi\u00e9n podr\u00e1n contactarse a trav\u00e9s de los correos electr\u00f3nicos Institucionales denuncia@formosa.gov.ar \u2013 depuefor@fibertel.com.ar y\/o a los tel\u00e9fonos 3704 \u2013 4436379 \u2013 0800 444 1770 o WhatsApp 3704 377471 &#8211; 3704 567231 &#8211; 3704 788343 &#8211; 3704 698346 &#8211; 3704 259521.\u00b4<\/p>\n<p>&nbsp;<\/p>\n","protected":false},"excerpt":{"rendered":"<p>Actualmente se est\u00e1 atendiendo de forma presencial en el Organismo de la Constituci\u00f3n, las diferentes situaciones que se presentan, otorg\u00e1ndoseles un trato particular a cada caso. Es importante destacar que, todos los usuarios se inscriban en el periodo que les corresponde, no obstante, aquellos que no se hayan podido registrar en esta primera etapa, podr\u00e1n [&hellip;]<\/p>\n","protected":false},"author":1,"featured_media":13454,"comment_status":"closed","ping_status":"closed","sticky":false,"template":"","format":"standard","meta":{"footnotes":""},"categories":[3],"tags":[],"class_list":["post-13453","post","type-post","status-publish","format-standard","has-post-thumbnail","hentry","category-defensa-de-los-derechos-del-usuario-consumidor-contribuyentes"],"_links":{"self":[{"href":"https:\/\/defensoriaformosa.gob.ar\/index.php?rest_route=\/wp\/v2\/posts\/13453","targetHints":{"allow":["GET"]}}],"collection":[{"href":"https:\/\/defensoriaformosa.gob.ar\/index.php?rest_route=\/wp\/v2\/posts"}],"about":[{"href":"https:\/\/defensoriaformosa.gob.ar\/index.php?rest_route=\/wp\/v2\/types\/post"}],"author":[{"embeddable":true,"href":"https:\/\/defensoriaformosa.gob.ar\/index.php?rest_route=\/wp\/v2\/users\/1"}],"replies":[{"embeddable":true,"href":"https:\/\/defensoriaformosa.gob.ar\/index.php?rest_route=%2Fwp%2Fv2%2Fcomments&post=13453"}],"version-history":[{"count":2,"href":"https:\/\/defensoriaformosa.gob.ar\/index.php?rest_route=\/wp\/v2\/posts\/13453\/revisions"}],"predecessor-version":[{"id":13456,"href":"https:\/\/defensoriaformosa.gob.ar\/index.php?rest_route=\/wp\/v2\/posts\/13453\/revisions\/13456"}],"wp:featuredmedia":[{"embeddable":true,"href":"https:\/\/defensoriaformosa.gob.ar\/index.php?rest_route=\/wp\/v2\/media\/13454"}],"wp:attachment":[{"href":"https:\/\/defensoriaformosa.gob.ar\/index.php?rest_route=%2Fwp%2Fv2%2Fmedia&parent=13453"}],"wp:term":[{"taxonomy":"category","embeddable":true,"href":"https:\/\/defensoriaformosa.gob.ar\/index.php?rest_route=%2Fwp%2Fv2%2Fcategories&post=13453"},{"taxonomy":"post_tag","embeddable":true,"href":"https:\/\/defensoriaformosa.gob.ar\/index.php?rest_route=%2Fwp%2Fv2%2Ftags&post=13453"}],"curies":[{"name":"wp","href":"https:\/\/api.w.org\/{rel}","templated":true}]}}