{"id":13402,"date":"2022-06-29T21:07:10","date_gmt":"2022-06-30T00:07:10","guid":{"rendered":"https:\/\/defensoriaformosa.gob.ar\/?p=13402"},"modified":"2022-06-29T21:07:10","modified_gmt":"2022-06-30T00:07:10","slug":"afirmo-la-defensoria-que-el-servicio-de-colectivos-sera-normal","status":"publish","type":"post","link":"https:\/\/defensoriaformosa.gob.ar\/?p=13402","title":{"rendered":"AFIRMO LA DEFENSORIA QUE EL SERVICIO DE COLECTIVOS SERA NORMAL"},"content":{"rendered":"<p>Desde la Defensor\u00eda del Pueblo de la Provincia de Formosa, informaron que, en el d\u00eda de la fecha, recepcionaron una presentaci\u00f3n suscripta por el Gerente de Crucero del Sur Agrupaci\u00f3n Sr. C\u00e9sar Gabriel Aguirre, en la cual, el mismo manifiesta que la FATAP -Federaci\u00f3n Argentina de Transporte por Automotor de Pasajeros-, ha anunciado medidas de restricci\u00f3n del transporte p\u00fablico en horarios nocturnos para el d\u00eda 29 del 6 del corriente a\u00f1o a ra\u00edz de lo detallado en el Comunicado emitido el pasado 28.<\/p>\n<p><!--more--><\/p>\n<p>En este sentido, resalt\u00f3 que Crucero del Sur Agrupaci\u00f3n, no ha adherido ni ha realizado ning\u00fan anuncio de las medidas comunicadas por dicha Federaci\u00f3n, por lo tanto, el servicio se mantiene en forma normal. No obstante, lo cual, hace saber tambi\u00e9n que en el d\u00eda de la fecha a las 18:00 horas se llevar\u00e1 a cabo una reuni\u00f3n de todos los Representantes del Sector con el Ministro de Transporte de la Naci\u00f3n Alexis Ra\u00fal Guerrera, a fin de evaluar las alternativas para la soluci\u00f3n de la problem\u00e1tica que afecta a este sector a nivel nacional. El Ombudsman Provincial, se\u00f1al\u00f3 que, estas medidas son consecuencias de la publicaci\u00f3n de la Resoluci\u00f3n MT N\u00ba 401\/22 que asigna al Sector un presupuesto de $38 millones para el a\u00f1o 2022, cuando deber\u00eda ser de $59.500 millones y en esta l\u00ednea de razonamiento, las empresas plantean que el Ministerio de Transporte deber\u00eda depositar en el marco del Fondo Compensador del Transporte la suma de $6.500 millones para el mes en curso.<\/p>\n<p>&nbsp;<\/p>\n<p>&nbsp;<\/p>\n","protected":false},"excerpt":{"rendered":"<p>Desde la Defensor\u00eda del Pueblo de la Provincia de Formosa, informaron que, en el d\u00eda de la fecha, recepcionaron una presentaci\u00f3n suscripta por el Gerente de Crucero del Sur Agrupaci\u00f3n Sr. C\u00e9sar Gabriel Aguirre, en la cual, el mismo manifiesta que la FATAP -Federaci\u00f3n Argentina de Transporte por Automotor de Pasajeros-, ha anunciado medidas de [&hellip;]<\/p>\n","protected":false},"author":1,"featured_media":13403,"comment_status":"closed","ping_status":"closed","sticky":false,"template":"","format":"standard","meta":{"footnotes":""},"categories":[3],"tags":[],"class_list":["post-13402","post","type-post","status-publish","format-standard","has-post-thumbnail","hentry","category-defensa-de-los-derechos-del-usuario-consumidor-contribuyentes"],"_links":{"self":[{"href":"https:\/\/defensoriaformosa.gob.ar\/index.php?rest_route=\/wp\/v2\/posts\/13402","targetHints":{"allow":["GET"]}}],"collection":[{"href":"https:\/\/defensoriaformosa.gob.ar\/index.php?rest_route=\/wp\/v2\/posts"}],"about":[{"href":"https:\/\/defensoriaformosa.gob.ar\/index.php?rest_route=\/wp\/v2\/types\/post"}],"author":[{"embeddable":true,"href":"https:\/\/defensoriaformosa.gob.ar\/index.php?rest_route=\/wp\/v2\/users\/1"}],"replies":[{"embeddable":true,"href":"https:\/\/defensoriaformosa.gob.ar\/index.php?rest_route=%2Fwp%2Fv2%2Fcomments&post=13402"}],"version-history":[{"count":1,"href":"https:\/\/defensoriaformosa.gob.ar\/index.php?rest_route=\/wp\/v2\/posts\/13402\/revisions"}],"predecessor-version":[{"id":13404,"href":"https:\/\/defensoriaformosa.gob.ar\/index.php?rest_route=\/wp\/v2\/posts\/13402\/revisions\/13404"}],"wp:featuredmedia":[{"embeddable":true,"href":"https:\/\/defensoriaformosa.gob.ar\/index.php?rest_route=\/wp\/v2\/media\/13403"}],"wp:attachment":[{"href":"https:\/\/defensoriaformosa.gob.ar\/index.php?rest_route=%2Fwp%2Fv2%2Fmedia&parent=13402"}],"wp:term":[{"taxonomy":"category","embeddable":true,"href":"https:\/\/defensoriaformosa.gob.ar\/index.php?rest_route=%2Fwp%2Fv2%2Fcategories&post=13402"},{"taxonomy":"post_tag","embeddable":true,"href":"https:\/\/defensoriaformosa.gob.ar\/index.php?rest_route=%2Fwp%2Fv2%2Ftags&post=13402"}],"curies":[{"name":"wp","href":"https:\/\/api.w.org\/{rel}","templated":true}]}}