{"id":13388,"date":"2022-06-27T21:27:49","date_gmt":"2022-06-28T00:27:49","guid":{"rendered":"https:\/\/defensoriaformosa.gob.ar\/?p=13388"},"modified":"2022-06-27T21:27:49","modified_gmt":"2022-06-28T00:27:49","slug":"informo-la-defensoria-que-habra-colectivos-en-la-ciudad","status":"publish","type":"post","link":"https:\/\/defensoriaformosa.gob.ar\/?p=13388","title":{"rendered":"INFORMO LA DEFENSORIA QUE HABRA COLECTIVOS EN LA CIUDAD"},"content":{"rendered":"<p>Gialluca afirm\u00f3 que en el d\u00eda de la fecha y ma\u00f1ana martes el servicio p\u00fablico de pasajeros se prestar\u00e1 con normalidad. En los d\u00edas venideros, hemos intimado a Crucero del Sur Agrupaci\u00f3n a que nos Informe, cu\u00e1l va a ser la conducta a seguir, dado el Comunicado de la FATAP-<!--more--><\/p>\n<p>El Defensor del Pueblo de la Provincia de Formosa, inform\u00f3 que luego de contactarse con el Gerente de la Empresa Crucero del Sur Agrupaci\u00f3n Sr Cesar Aguirre, el mismo le se\u00f1al\u00f3 que en Formosa, \u201cno habr\u00e1 paro de colectivos este lunes y menos a\u00fan el d\u00eda martes 28 del corriente mes y a\u00f1o\u201d. Todo esto surgi\u00f3, como consecuencia del Comunicado de la FATAP &#8211; Federaci\u00f3n Argentina de Transportadores por Automotor de Pasajeros-, en cuanto se suspender\u00e1 el servicio de transporte p\u00fablico urbano y suburbanos del interior del pa\u00eds, entre las 22:00 horas y las 6:00 de la ma\u00f1ana del d\u00eda mi\u00e9rcoles 29\/ 06\/ 22 para dar prioridad a los que funcionan en horas picos. Gialluca, se\u00f1al\u00f3 adem\u00e1s que las empresas de transporte p\u00fablico, incluida Crucero del Sur Agrupaci\u00f3n, est\u00e1n pidiendo al Gobierno Nacional, m\u00e1s precisamente al Ministro de Transporte que se le asigne al sector los 59.500 millones de pesos, destinados a atender salarios, aguinaldos, y costos imprescindibles para mantener operables el servicio. El Funcionario Provincial, agreg\u00f3 que adem\u00e1s se contact\u00f3 con Diego Mendoza de UTA Seccional Formosa, los que acompa\u00f1ar\u00e1n las decisiones de la empresa en esta emergencia.<\/p>\n","protected":false},"excerpt":{"rendered":"<p>Gialluca afirm\u00f3 que en el d\u00eda de la fecha y ma\u00f1ana martes el servicio p\u00fablico de pasajeros se prestar\u00e1 con normalidad. En los d\u00edas venideros, hemos intimado a Crucero del Sur Agrupaci\u00f3n a que nos Informe, cu\u00e1l va a ser la conducta a seguir, dado el Comunicado de la FATAP-<\/p>\n","protected":false},"author":1,"featured_media":13389,"comment_status":"closed","ping_status":"closed","sticky":false,"template":"","format":"standard","meta":{"footnotes":""},"categories":[3],"tags":[],"class_list":["post-13388","post","type-post","status-publish","format-standard","has-post-thumbnail","hentry","category-defensa-de-los-derechos-del-usuario-consumidor-contribuyentes"],"_links":{"self":[{"href":"https:\/\/defensoriaformosa.gob.ar\/index.php?rest_route=\/wp\/v2\/posts\/13388","targetHints":{"allow":["GET"]}}],"collection":[{"href":"https:\/\/defensoriaformosa.gob.ar\/index.php?rest_route=\/wp\/v2\/posts"}],"about":[{"href":"https:\/\/defensoriaformosa.gob.ar\/index.php?rest_route=\/wp\/v2\/types\/post"}],"author":[{"embeddable":true,"href":"https:\/\/defensoriaformosa.gob.ar\/index.php?rest_route=\/wp\/v2\/users\/1"}],"replies":[{"embeddable":true,"href":"https:\/\/defensoriaformosa.gob.ar\/index.php?rest_route=%2Fwp%2Fv2%2Fcomments&post=13388"}],"version-history":[{"count":1,"href":"https:\/\/defensoriaformosa.gob.ar\/index.php?rest_route=\/wp\/v2\/posts\/13388\/revisions"}],"predecessor-version":[{"id":13390,"href":"https:\/\/defensoriaformosa.gob.ar\/index.php?rest_route=\/wp\/v2\/posts\/13388\/revisions\/13390"}],"wp:featuredmedia":[{"embeddable":true,"href":"https:\/\/defensoriaformosa.gob.ar\/index.php?rest_route=\/wp\/v2\/media\/13389"}],"wp:attachment":[{"href":"https:\/\/defensoriaformosa.gob.ar\/index.php?rest_route=%2Fwp%2Fv2%2Fmedia&parent=13388"}],"wp:term":[{"taxonomy":"category","embeddable":true,"href":"https:\/\/defensoriaformosa.gob.ar\/index.php?rest_route=%2Fwp%2Fv2%2Fcategories&post=13388"},{"taxonomy":"post_tag","embeddable":true,"href":"https:\/\/defensoriaformosa.gob.ar\/index.php?rest_route=%2Fwp%2Fv2%2Ftags&post=13388"}],"curies":[{"name":"wp","href":"https:\/\/api.w.org\/{rel}","templated":true}]}}